{"id":2109,"date":"2021-10-25T12:32:42","date_gmt":"2021-10-25T12:32:42","guid":{"rendered":"http:\/\/tulitu.eu\/wp\/?p=2109"},"modified":"2021-10-25T12:35:34","modified_gmt":"2021-10-25T12:35:34","slug":"mercredi-8-decembre-a-19h-rencontre-avec-pierre-yves-bolus","status":"publish","type":"post","link":"https:\/\/tulitu.eu\/wp\/?p=2109","title":{"rendered":"Mercredi 8 d\u00e9cembre \u00e0 19h &#8211; rencontre avec Pierre-Yves Bolus"},"content":{"rendered":"\n<figure class=\"wp-block-image is-resized\"><img loading=\"lazy\" decoding=\"async\" src=\"http:\/\/tulitu.eu\/wp\/wp-content\/uploads\/2021\/10\/IMG_0776.jpeg\" alt=\"\" class=\"wp-image-2110\" width=\"310\" height=\"233\" srcset=\"https:\/\/tulitu.eu\/wp\/wp-content\/uploads\/2021\/10\/IMG_0776.jpeg 640w, https:\/\/tulitu.eu\/wp\/wp-content\/uploads\/2021\/10\/IMG_0776-300x225.jpeg 300w\" sizes=\"auto, (max-width: 310px) 100vw, 310px\" \/><\/figure>\n\n\n\n<p> <\/p>\n\n\n\n<figure class=\"wp-block-image is-resized\"><img loading=\"lazy\" decoding=\"async\" src=\"http:\/\/tulitu.eu\/wp\/wp-content\/uploads\/2021\/10\/9782343243603b.jpg\" alt=\"\" class=\"wp-image-2111\" width=\"174\" height=\"277\" srcset=\"https:\/\/tulitu.eu\/wp\/wp-content\/uploads\/2021\/10\/9782343243603b.jpg 316w, https:\/\/tulitu.eu\/wp\/wp-content\/uploads\/2021\/10\/9782343243603b-188x300.jpg 188w\" sizes=\"auto, (max-width: 174px) 100vw, 174px\" \/><\/figure>\n\n\n\n<p><strong>Pour r\u00e9server :<\/strong> <a href=\"https:\/\/www.eventbrite.fr\/e\/rencontre-avec-lauteur-pierre-yves-bolus-tickets-198256840547\">https:\/\/www.eventbrite.fr\/e\/rencontre-avec-lauteur-pierre-yves-bolus-tickets-198256840547<\/a><\/p>\n\n\n\n<p>Pierre-Yves Bolus vit \u00e0 Bruxelles. Apr\u00e8s une carri\u00e8re de pr\u00e8s de vingt  ans comme cadre sup\u00e9rieur, il d\u00e9cide de tout arr\u00eater pour traverser une  partie de l&#8217;Europe \u00e0 pied, de Bruxelles \u00e0 Rome. Depuis cette aventure,  il partage son temps entre randonn\u00e9es, voyages et \u00e9criture. <em>Ce qui arrive \u00e0 pied<\/em>, publi\u00e9 chez L&#8217;Harmattan, est son premier roman. <\/p>\n\n\n\n<p> Un jeune homme fuit son pass\u00e9 dans un coin de nature oubli\u00e9. Un po\u00e8te  est contraint de prendre la route des migrants. Le premier est rest\u00e9  enferm\u00e9 plusieurs ann\u00e9es. Il veut rena\u00eetre au sommet des Alpes, mais  l&#8217;altitude le pousse \u00e0 poursuivre plus loin vers le sud. Le second  remonte vers le nord, il vient du d\u00e9sert et r\u00eave d&#8217;atteindre la grandeur  des montagnes. \u00c0 travers quelques \u00e9tapes de leurs parcours invers\u00e9s, on  entreprend un voyage initiatique et fantastique au c\u0153ur de l&#8217;Italie. Un  r\u00e9cit qui se risque \u00e0 imiter la marche, respire l&#8217;air vif du dehors et  sent la terre. Des traces de po\u00e9sie, de g\u00e9ologie et une histoire  d&#8217;amour. <\/p>\n\n\n\n<p><\/p>\n\n\n\n<p>Avec le soutien de <\/p>\n\n\n\n<figure class=\"wp-block-image is-resized\"><img loading=\"lazy\" decoding=\"async\" src=\"http:\/\/tulitu.eu\/wp\/wp-content\/uploads\/2019\/03\/logo_FWB-1024x299.jpg\" alt=\"\" class=\"wp-image-1422\" width=\"431\" height=\"126\" srcset=\"https:\/\/tulitu.eu\/wp\/wp-content\/uploads\/2019\/03\/logo_FWB-1024x299.jpg 1024w, https:\/\/tulitu.eu\/wp\/wp-content\/uploads\/2019\/03\/logo_FWB-300x87.jpg 300w, https:\/\/tulitu.eu\/wp\/wp-content\/uploads\/2019\/03\/logo_FWB-768x224.jpg 768w, https:\/\/tulitu.eu\/wp\/wp-content\/uploads\/2019\/03\/logo_FWB.jpg 1382w\" sizes=\"auto, (max-width: 431px) 100vw, 431px\" \/><\/figure>\n","protected":false},"excerpt":{"rendered":"<p>Pour r\u00e9server : https:\/\/www.eventbrite.fr\/e\/rencontre-avec-lauteur-pierre-yves-bolus-tickets-198256840547 Pierre-Yves Bolus vit \u00e0 Bruxelles. Apr\u00e8s une carri\u00e8re de pr\u00e8s de vingt ans comme cadre sup\u00e9rieur, il d\u00e9cide de tout arr\u00eater pour traverser une partie de l&#8217;Europe \u00e0 pied, de Bruxelles \u00e0 Rome. Depuis cette aventure, il partage son temps entre randonn\u00e9es, voyages et \u00e9criture. Ce qui arrive \u00e0 pied, publi\u00e9 &hellip; <a href=\"https:\/\/tulitu.eu\/wp\/?p=2109\" class=\"more-link\">Continue reading <span class=\"screen-reader-text\">Mercredi 8 d\u00e9cembre \u00e0 19h &#8211; rencontre avec Pierre-Yves Bolus<\/span> <span class=\"meta-nav\">&rarr;<\/span><\/a><\/p>\n","protected":false},"author":1,"featured_media":0,"comment_status":"open","ping_status":"open","sticky":false,"template":"","format":"standard","meta":{"footnotes":""},"categories":[1],"tags":[],"class_list":["post-2109","post","type-post","status-publish","format-standard","hentry","category-non-classe"],"_links":{"self":[{"href":"https:\/\/tulitu.eu\/wp\/index.php?rest_route=\/wp\/v2\/posts\/2109","targetHints":{"allow":["GET"]}}],"collection":[{"href":"https:\/\/tulitu.eu\/wp\/index.php?rest_route=\/wp\/v2\/posts"}],"about":[{"href":"https:\/\/tulitu.eu\/wp\/index.php?rest_route=\/wp\/v2\/types\/post"}],"author":[{"embeddable":true,"href":"https:\/\/tulitu.eu\/wp\/index.php?rest_route=\/wp\/v2\/users\/1"}],"replies":[{"embeddable":true,"href":"https:\/\/tulitu.eu\/wp\/index.php?rest_route=%2Fwp%2Fv2%2Fcomments&post=2109"}],"version-history":[{"count":2,"href":"https:\/\/tulitu.eu\/wp\/index.php?rest_route=\/wp\/v2\/posts\/2109\/revisions"}],"predecessor-version":[{"id":2113,"href":"https:\/\/tulitu.eu\/wp\/index.php?rest_route=\/wp\/v2\/posts\/2109\/revisions\/2113"}],"wp:attachment":[{"href":"https:\/\/tulitu.eu\/wp\/index.php?rest_route=%2Fwp%2Fv2%2Fmedia&parent=2109"}],"wp:term":[{"taxonomy":"category","embeddable":true,"href":"https:\/\/tulitu.eu\/wp\/index.php?rest_route=%2Fwp%2Fv2%2Fcategories&post=2109"},{"taxonomy":"post_tag","embeddable":true,"href":"https:\/\/tulitu.eu\/wp\/index.php?rest_route=%2Fwp%2Fv2%2Ftags&post=2109"}],"curies":[{"name":"wp","href":"https:\/\/api.w.org\/{rel}","templated":true}]}}