{"id":2086,"date":"2021-10-18T13:30:25","date_gmt":"2021-10-18T13:30:25","guid":{"rendered":"http:\/\/tulitu.eu\/wp\/?p=2086"},"modified":"2021-10-18T13:30:25","modified_gmt":"2021-10-18T13:30:25","slug":"mardi-23-novembre-a-18h-rencontre-avec-cy-lecerf-maulpoix","status":"publish","type":"post","link":"https:\/\/tulitu.eu\/wp\/?p=2086","title":{"rendered":"Mardi 23 novembre \u00e0 18h &#8211; Rencontre avec Cy Lecerf Maulpoix"},"content":{"rendered":"\n<figure class=\"wp-block-image is-resized\"><img loading=\"lazy\" decoding=\"async\" src=\"http:\/\/tulitu.eu\/wp\/wp-content\/uploads\/2021\/10\/cy.png\" alt=\"\" class=\"wp-image-2087\" width=\"235\" height=\"259\"\/><\/figure>\n\n\n\n<p><strong>Pour r\u00e9server :<\/strong> <a href=\"https:\/\/www.eventbrite.fr\/e\/rencontre-avec-cy-lecerf-maulpoix-tickets-193554916967\">https:\/\/www.eventbrite.fr\/e\/rencontre-avec-cy-lecerf-maulpoix-tickets-193554916967<\/a><\/p>\n\n\n\n<p> <strong>Le pass sanitaire n&#8217;est pas requis mais bien le port du masque \ud83d\ude42<\/strong><\/p>\n\n\n\n<p>Cy Lecerf Maulpoix est engag\u00e9 dans des collectifs d\u2019action  transp\u00e9d\u00e9gouines et de justice climatique depuis la COP21. Journaliste  ind\u00e9pendant, il couvre les luttes sociales au travers d\u2019entretiens,  d\u2019enqu\u00eates et de reportages parus dans la presse g\u00e9n\u00e9raliste et  sp\u00e9cialis\u00e9e. Il propose \u00e9galement des cours de yoga solidaire au sein du  collectif We Are Yogis dont il est l\u2019un des fondateurs. En tant  qu\u2019auteur et traducteur, il d\u00e9veloppe actuellement plusieurs projets  th\u00e9oriques et po\u00e9tiques li\u00e9s \u00e0 l\u2019\u00e9cologie queer. <\/p>\n\n\n\n<p> Tout \u00e0 la fois voyage, enqu\u00eate, cheminement personnel, r\u00e9flexion  politique sur l\u2019articulation des luttes contemporaines, <em>Ecologies d\u00e9viantes voyage en terres queers <\/em>chez Cambourakis, Cy  Lecerf Maulpoix nous entra\u00eene dans les jardins anglais de l\u2019artiste  Derek Jarman, de l\u2019\u00e9crivain socialiste Edward Carpenter, du Bloomsbury  Group, sur les traces des Radical Faeries de l\u2019Arizona \u00e0 San Francisco  jusqu\u2019aux zones de cruising des lisi\u00e8res des grandes villes.<br> Parce qu\u2019il met au jour des g\u00e9n\u00e9alogies oubli\u00e9es, ce texte permet de  reconna\u00eetre la dette de l\u2019\u00e9cologie politique \u00e0 ces pr\u00e9curseurEUSEs  d\u00e9viantEs. \u00c0 l\u2019heure o\u00f9 chacunE est concern\u00e9E par les enjeux \u00e9cologiques  plan\u00e9taires, ce livre n\u00e9cessaire propose de nouvelles pistes militantes  et trace une ligne de cr\u00eate sur laquelle construire, \u00e0 partir de  perspectives minoritaires, un mouvement r\u00e9ellement inclusif. <\/p>\n\n\n\n<p style=\"text-align:left\">La rencontre sera anim\u00e9e par notre ami libraire Rapha\u00ebl Lungo.<\/p>\n\n\n\n<p>Avec le soutien de <\/p>\n\n\n\n<figure class=\"wp-block-image\"><img loading=\"lazy\" decoding=\"async\" width=\"1024\" height=\"299\" src=\"http:\/\/tulitu.eu\/wp\/wp-content\/uploads\/2019\/03\/logo_FWB-1024x299.jpg\" alt=\"\" class=\"wp-image-1422\" srcset=\"https:\/\/tulitu.eu\/wp\/wp-content\/uploads\/2019\/03\/logo_FWB-1024x299.jpg 1024w, https:\/\/tulitu.eu\/wp\/wp-content\/uploads\/2019\/03\/logo_FWB-300x87.jpg 300w, https:\/\/tulitu.eu\/wp\/wp-content\/uploads\/2019\/03\/logo_FWB-768x224.jpg 768w, https:\/\/tulitu.eu\/wp\/wp-content\/uploads\/2019\/03\/logo_FWB.jpg 1382w\" sizes=\"auto, (max-width: 1024px) 100vw, 1024px\" \/><\/figure>\n\n\n\n<p><\/p>\n\n\n\n<p><\/p>\n","protected":false},"excerpt":{"rendered":"<p>Pour r\u00e9server : https:\/\/www.eventbrite.fr\/e\/rencontre-avec-cy-lecerf-maulpoix-tickets-193554916967 Le pass sanitaire n&#8217;est pas requis mais bien le port du masque \ud83d\ude42 Cy Lecerf Maulpoix est engag\u00e9 dans des collectifs d\u2019action transp\u00e9d\u00e9gouines et de justice climatique depuis la COP21. Journaliste ind\u00e9pendant, il couvre les luttes sociales au travers d\u2019entretiens, d\u2019enqu\u00eates et de reportages parus dans la presse g\u00e9n\u00e9raliste et sp\u00e9cialis\u00e9e. &hellip; <a href=\"https:\/\/tulitu.eu\/wp\/?p=2086\" class=\"more-link\">Continue reading <span class=\"screen-reader-text\">Mardi 23 novembre \u00e0 18h &#8211; Rencontre avec Cy Lecerf Maulpoix<\/span> <span class=\"meta-nav\">&rarr;<\/span><\/a><\/p>\n","protected":false},"author":1,"featured_media":0,"comment_status":"open","ping_status":"open","sticky":false,"template":"","format":"standard","meta":{"footnotes":""},"categories":[2],"tags":[],"class_list":["post-2086","post","type-post","status-publish","format-standard","hentry","category-agenda"],"_links":{"self":[{"href":"https:\/\/tulitu.eu\/wp\/index.php?rest_route=\/wp\/v2\/posts\/2086","targetHints":{"allow":["GET"]}}],"collection":[{"href":"https:\/\/tulitu.eu\/wp\/index.php?rest_route=\/wp\/v2\/posts"}],"about":[{"href":"https:\/\/tulitu.eu\/wp\/index.php?rest_route=\/wp\/v2\/types\/post"}],"author":[{"embeddable":true,"href":"https:\/\/tulitu.eu\/wp\/index.php?rest_route=\/wp\/v2\/users\/1"}],"replies":[{"embeddable":true,"href":"https:\/\/tulitu.eu\/wp\/index.php?rest_route=%2Fwp%2Fv2%2Fcomments&post=2086"}],"version-history":[{"count":1,"href":"https:\/\/tulitu.eu\/wp\/index.php?rest_route=\/wp\/v2\/posts\/2086\/revisions"}],"predecessor-version":[{"id":2089,"href":"https:\/\/tulitu.eu\/wp\/index.php?rest_route=\/wp\/v2\/posts\/2086\/revisions\/2089"}],"wp:attachment":[{"href":"https:\/\/tulitu.eu\/wp\/index.php?rest_route=%2Fwp%2Fv2%2Fmedia&parent=2086"}],"wp:term":[{"taxonomy":"category","embeddable":true,"href":"https:\/\/tulitu.eu\/wp\/index.php?rest_route=%2Fwp%2Fv2%2Fcategories&post=2086"},{"taxonomy":"post_tag","embeddable":true,"href":"https:\/\/tulitu.eu\/wp\/index.php?rest_route=%2Fwp%2Fv2%2Ftags&post=2086"}],"curies":[{"name":"wp","href":"https:\/\/api.w.org\/{rel}","templated":true}]}}