{"id":2081,"date":"2021-10-18T12:52:10","date_gmt":"2021-10-18T12:52:10","guid":{"rendered":"http:\/\/tulitu.eu\/wp\/?p=2081"},"modified":"2021-10-18T13:37:52","modified_gmt":"2021-10-18T13:37:52","slug":"jeudi-18-novembre-a-18h-rencontre-avec-reine-prat","status":"publish","type":"post","link":"https:\/\/tulitu.eu\/wp\/?p=2081","title":{"rendered":"Jeudi 18 novembre \u00e0 18h &#8211; rencontre avec Reine Prat"},"content":{"rendered":"\n<figure class=\"wp-block-image\"><img loading=\"lazy\" decoding=\"async\" width=\"640\" height=\"480\" src=\"http:\/\/tulitu.eu\/wp\/wp-content\/uploads\/2021\/10\/reineprate2jpg.jpg\" alt=\"\" class=\"wp-image-2082\" srcset=\"https:\/\/tulitu.eu\/wp\/wp-content\/uploads\/2021\/10\/reineprate2jpg.jpg 640w, https:\/\/tulitu.eu\/wp\/wp-content\/uploads\/2021\/10\/reineprate2jpg-300x225.jpg 300w\" sizes=\"auto, (max-width: 640px) 100vw, 640px\" \/><\/figure>\n\n\n\n<p><strong>Pour r\u00e9server :<\/strong> <a href=\"https:\/\/www.eventbrite.fr\/e\/rencontre-avec-reine-prat-tickets-193537675397\">https:\/\/www.eventbrite.fr\/e\/rencontre-avec-reine-prat-tickets-193537675397<\/a><\/p>\n\n\n\n<p><strong>Le pass sanitaire n&#8217;est pas requis mais bien le port du masque.<\/strong><\/p>\n\n\n\n<p>Les mouvements #MeToo et  #balancetonporc ont \u00e9t\u00e9 l\u2019occasion de d\u00e9voiler \u00e0 quel point les  in\u00e9galit\u00e9s et discriminations perdurent dans le monde de la culture  (\u00e9dition, musique, th\u00e9\u00e2tre, cin\u00e9ma, etc.) et de la communication. <\/p>\n\n\n\n<p>Dans  <em>Exploser le plafond<\/em>, publi\u00e9 aux \u00e9ditions Rue de l&#8217;Echiquier,  Reine Prat revient sur le fonctionnement interne du  secteur, ses caract\u00e9ristiques structurelles et la r\u00e9cente mise  en lumi\u00e8re d\u2019une r\u00e9alit\u00e9 longtemps camoufl\u00e9e : cens\u00e9 promouvoir  l\u2019ouverture et la diversit\u00e9, cet univers cultive en r\u00e9alit\u00e9 l\u2019entre-soi  et reste un bastion d\u2019hommes blancs, cis-h\u00e9t\u00e9ros, issus des classes  moyennes et sup\u00e9rieures, y compris dans des professions fortement  f\u00e9minis\u00e9es comme le livre.<\/p>\n\n\n\n<p><br>Inspectrice g\u00e9n\u00e9rale de la  cr\u00e9ation, des enseignements artistiques et de l\u2019action culturelle,  Reine Prat s\u2019int\u00e9resse de l\u2019int\u00e9rieur \u00e0 l\u2019ensemble des in\u00e9galit\u00e9s qui  structurent ce secteur. Elle analyse ainsi comment s\u2019articulent  les repr\u00e9sentations propos\u00e9es au public, l\u2019organisation du  travail artistique et culturel et la vie priv\u00e9e de celles et ceux qui  le font. Parce que la sc\u00e8ne, l\u2019intime et l\u2019espace public sont  les\u00a0trois leviers de ce syst\u00e8me qui alimente et reproduit une\u00a0culture  patriarcale.<\/p>\n\n\n\n<p>Avec le soutien de<\/p>\n\n\n\n<figure class=\"wp-block-image\"><img loading=\"lazy\" decoding=\"async\" width=\"1024\" height=\"299\" src=\"http:\/\/tulitu.eu\/wp\/wp-content\/uploads\/2019\/03\/logo_FWB-1024x299.jpg\" alt=\"\" class=\"wp-image-1422\" srcset=\"https:\/\/tulitu.eu\/wp\/wp-content\/uploads\/2019\/03\/logo_FWB-1024x299.jpg 1024w, https:\/\/tulitu.eu\/wp\/wp-content\/uploads\/2019\/03\/logo_FWB-300x87.jpg 300w, https:\/\/tulitu.eu\/wp\/wp-content\/uploads\/2019\/03\/logo_FWB-768x224.jpg 768w, https:\/\/tulitu.eu\/wp\/wp-content\/uploads\/2019\/03\/logo_FWB.jpg 1382w\" sizes=\"auto, (max-width: 1024px) 100vw, 1024px\" \/><\/figure>\n","protected":false},"excerpt":{"rendered":"<p>Pour r\u00e9server : https:\/\/www.eventbrite.fr\/e\/rencontre-avec-reine-prat-tickets-193537675397 Le pass sanitaire n&#8217;est pas requis mais bien le port du masque. Les mouvements #MeToo et #balancetonporc ont \u00e9t\u00e9 l\u2019occasion de d\u00e9voiler \u00e0 quel point les in\u00e9galit\u00e9s et discriminations perdurent dans le monde de la culture (\u00e9dition, musique, th\u00e9\u00e2tre, cin\u00e9ma, etc.) et de la communication. Dans Exploser le plafond, publi\u00e9 aux &hellip; <a href=\"https:\/\/tulitu.eu\/wp\/?p=2081\" class=\"more-link\">Continue reading <span class=\"screen-reader-text\">Jeudi 18 novembre \u00e0 18h &#8211; rencontre avec Reine Prat<\/span> <span class=\"meta-nav\">&rarr;<\/span><\/a><\/p>\n","protected":false},"author":1,"featured_media":0,"comment_status":"open","ping_status":"open","sticky":false,"template":"","format":"standard","meta":{"footnotes":""},"categories":[2],"tags":[],"class_list":["post-2081","post","type-post","status-publish","format-standard","hentry","category-agenda"],"_links":{"self":[{"href":"https:\/\/tulitu.eu\/wp\/index.php?rest_route=\/wp\/v2\/posts\/2081","targetHints":{"allow":["GET"]}}],"collection":[{"href":"https:\/\/tulitu.eu\/wp\/index.php?rest_route=\/wp\/v2\/posts"}],"about":[{"href":"https:\/\/tulitu.eu\/wp\/index.php?rest_route=\/wp\/v2\/types\/post"}],"author":[{"embeddable":true,"href":"https:\/\/tulitu.eu\/wp\/index.php?rest_route=\/wp\/v2\/users\/1"}],"replies":[{"embeddable":true,"href":"https:\/\/tulitu.eu\/wp\/index.php?rest_route=%2Fwp%2Fv2%2Fcomments&post=2081"}],"version-history":[{"count":3,"href":"https:\/\/tulitu.eu\/wp\/index.php?rest_route=\/wp\/v2\/posts\/2081\/revisions"}],"predecessor-version":[{"id":2091,"href":"https:\/\/tulitu.eu\/wp\/index.php?rest_route=\/wp\/v2\/posts\/2081\/revisions\/2091"}],"wp:attachment":[{"href":"https:\/\/tulitu.eu\/wp\/index.php?rest_route=%2Fwp%2Fv2%2Fmedia&parent=2081"}],"wp:term":[{"taxonomy":"category","embeddable":true,"href":"https:\/\/tulitu.eu\/wp\/index.php?rest_route=%2Fwp%2Fv2%2Fcategories&post=2081"},{"taxonomy":"post_tag","embeddable":true,"href":"https:\/\/tulitu.eu\/wp\/index.php?rest_route=%2Fwp%2Fv2%2Ftags&post=2081"}],"curies":[{"name":"wp","href":"https:\/\/api.w.org\/{rel}","templated":true}]}}