{"id":208,"date":"2015-10-01T12:56:24","date_gmt":"2015-10-01T12:56:24","guid":{"rendered":"http:\/\/tulitu.eu\/wp\/?p=208"},"modified":"2015-10-01T13:22:07","modified_gmt":"2015-10-01T13:22:07","slug":"le-dimanche-11-octobre-a-16h-cest-la-fureur-de-lire-chez-tulitu","status":"publish","type":"post","link":"https:\/\/tulitu.eu\/wp\/?p=208","title":{"rendered":"Le dimanche 11 octobre \u00e0 16h, c&#8217;est la Fureur de Lire chez TULITU"},"content":{"rendered":"<p>&nbsp;<\/p>\n<p><a href=\"http:\/\/tulitu.eu\/wp\/wp-content\/uploads\/2015\/10\/couvtulitu.jpg\"><img loading=\"lazy\" decoding=\"async\" class=\"alignnone size-medium wp-image-209\" src=\"http:\/\/tulitu.eu\/wp\/wp-content\/uploads\/2015\/10\/couvtulitu-220x300.jpg\" alt=\"couvtulitu\" width=\"220\" height=\"300\" srcset=\"https:\/\/tulitu.eu\/wp\/wp-content\/uploads\/2015\/10\/couvtulitu-220x300.jpg 220w, https:\/\/tulitu.eu\/wp\/wp-content\/uploads\/2015\/10\/couvtulitu.jpg 704w\" sizes=\"auto, (max-width: 220px) 100vw, 220px\" \/><\/a><\/p>\n<p><span class=\"fsl\">Dans le cadre de la Fureur de Lire, TULITU organise une rencontre avec l&#8217;auteure Sophie Kovess-Brun autour de la parution de son livre &#8220;Le voyage de June&#8221;, publi\u00e9 chez Des ronds dans l\u2019O Jeunesse, illustr\u00e9 par Sandrine Revel.<br \/>\nLa rencontre d\u2019une dur\u00e9e de 15 minutes sera anim\u00e9e par Ariane Herman, libraire chez TULITU.<br \/>\nL\u2019entretien sera pr\u00e9c\u00e9d\u00e9 de la lecture du livre par Emma Ordonez et suivi d\u2019une s\u00e9ance de d\u00e9dicaces.<\/span><\/p>\n<p>L&#8217;histoire : June et ses deux mamans partent passer les vacances d&#8217;\u00e9t\u00e9 chez Manie et Papou. Dans le train, la petite fille part en balade, de wagon en wagon.<br \/>\nL&#8217;histoire parle de l&#8217;envie de June de retrouver ses grands-parents en montrant que son quotidien est le m\u00eame que celui de ses petits copains.<\/p>\n<p>Ayant \u00e9t\u00e9 \u00e9lev\u00e9e au Canada dans un v\u00e9ritable melting pot, Sohpie Kovess-Brun pense que la fiction jeunesse doit pr\u00f4ner la tol\u00e9rance d\u00e8s le plus jeune \u00e2ge et de mani\u00e8re ludique.<\/p>\n<p>Enfants bienvenus\u00a0 !!!!!<\/p>\n<p>Pour le programme complet de la Fureur de lire : <a href=\"http:\/\/www.fureurdelire.cfwb.be\/index.php?eID=tx_nawsecuredl&amp;u=0&amp;g=0&amp;hash=ebd34159ba5276e2f46b99dffa26eabc8becff8b&amp;file=fileadmin\/sites\/fdl\/upload\/fdl_super_editor\/fdl_editor\/documents\/Programme\/prog-fureur-de-lire-finalBS3.pdf\">http:\/\/www.fureurdelire.cfwb.be\/index.php?eID=tx_nawsecuredl&amp;u=0&amp;g=0&amp;hash=ebd34159ba5276e2f46b99dffa26eabc8becff8b&amp;file=fileadmin\/sites\/fdl\/upload\/fdl_super_editor\/fdl_editor\/documents\/Programme\/prog-fureur-de-lire-finalBS3.pdf<\/a><\/p>\n<p>&nbsp;<\/p>\n","protected":false},"excerpt":{"rendered":"<p>&nbsp; Dans le cadre de la Fureur de Lire, TULITU organise une rencontre avec l&#8217;auteure Sophie Kovess-Brun autour de la parution de son livre &#8220;Le voyage de June&#8221;, publi\u00e9 chez Des ronds dans l\u2019O Jeunesse, illustr\u00e9 par Sandrine Revel. La rencontre d\u2019une dur\u00e9e de 15 minutes sera anim\u00e9e par Ariane Herman, libraire chez TULITU. L\u2019entretien &hellip; <a href=\"https:\/\/tulitu.eu\/wp\/?p=208\" class=\"more-link\">Continue reading <span class=\"screen-reader-text\">Le dimanche 11 octobre \u00e0 16h, c&#8217;est la Fureur de Lire chez TULITU<\/span> <span class=\"meta-nav\">&rarr;<\/span><\/a><\/p>\n","protected":false},"author":1,"featured_media":0,"comment_status":"open","ping_status":"open","sticky":false,"template":"","format":"standard","meta":{"footnotes":""},"categories":[2],"tags":[],"class_list":["post-208","post","type-post","status-publish","format-standard","hentry","category-agenda"],"_links":{"self":[{"href":"https:\/\/tulitu.eu\/wp\/index.php?rest_route=\/wp\/v2\/posts\/208","targetHints":{"allow":["GET"]}}],"collection":[{"href":"https:\/\/tulitu.eu\/wp\/index.php?rest_route=\/wp\/v2\/posts"}],"about":[{"href":"https:\/\/tulitu.eu\/wp\/index.php?rest_route=\/wp\/v2\/types\/post"}],"author":[{"embeddable":true,"href":"https:\/\/tulitu.eu\/wp\/index.php?rest_route=\/wp\/v2\/users\/1"}],"replies":[{"embeddable":true,"href":"https:\/\/tulitu.eu\/wp\/index.php?rest_route=%2Fwp%2Fv2%2Fcomments&post=208"}],"version-history":[{"count":2,"href":"https:\/\/tulitu.eu\/wp\/index.php?rest_route=\/wp\/v2\/posts\/208\/revisions"}],"predecessor-version":[{"id":211,"href":"https:\/\/tulitu.eu\/wp\/index.php?rest_route=\/wp\/v2\/posts\/208\/revisions\/211"}],"wp:attachment":[{"href":"https:\/\/tulitu.eu\/wp\/index.php?rest_route=%2Fwp%2Fv2%2Fmedia&parent=208"}],"wp:term":[{"taxonomy":"category","embeddable":true,"href":"https:\/\/tulitu.eu\/wp\/index.php?rest_route=%2Fwp%2Fv2%2Fcategories&post=208"},{"taxonomy":"post_tag","embeddable":true,"href":"https:\/\/tulitu.eu\/wp\/index.php?rest_route=%2Fwp%2Fv2%2Ftags&post=208"}],"curies":[{"name":"wp","href":"https:\/\/api.w.org\/{rel}","templated":true}]}}