{"id":2066,"date":"2021-10-11T12:18:55","date_gmt":"2021-10-11T12:18:55","guid":{"rendered":"http:\/\/tulitu.eu\/wp\/?p=2066"},"modified":"2021-10-28T14:43:37","modified_gmt":"2021-10-28T14:43:37","slug":"mardi-9-novembre-de-18h-a-20h-seance-de-dedicaces-avec-emilie-plateau","status":"publish","type":"post","link":"https:\/\/tulitu.eu\/wp\/?p=2066","title":{"rendered":"Report\u00e9e !!!!Mardi 9 novembre de 18h \u00e0 20h &#8211; S\u00e9ance de d\u00e9dicaces avec Emilie Plateau"},"content":{"rendered":"\n<figure class=\"wp-block-image\"><img loading=\"lazy\" decoding=\"async\" width=\"1024\" height=\"768\" src=\"http:\/\/tulitu.eu\/wp\/wp-content\/uploads\/2021\/10\/emilieplateau-1024x768.jpg\" alt=\"\" class=\"wp-image-2067\" srcset=\"https:\/\/tulitu.eu\/wp\/wp-content\/uploads\/2021\/10\/emilieplateau-1024x768.jpg 1024w, https:\/\/tulitu.eu\/wp\/wp-content\/uploads\/2021\/10\/emilieplateau-300x225.jpg 300w, https:\/\/tulitu.eu\/wp\/wp-content\/uploads\/2021\/10\/emilieplateau-768x576.jpg 768w\" sizes=\"auto, (max-width: 1024px) 100vw, 1024px\" \/><\/figure>\n\n\n\n<p>Report\u00e9e!!!!!!!!!!!!!!!!!!!!!!!!Dans le cadre de Lisez-vous belge, bienvenue \u00e0 Emilie Plateau pour une s\u00e9ance de d\u00e9dicaces de son nouvel album <em>L&#8217;\u00e9pop\u00e9e infernale<\/em> paru aux Editions Misma.<\/p>\n\n\n\n<p>\nAvec L\u2019\u00c9POP\u00c9E INFERNALE, \u00c9milie Plateau \nparodie les mythiques livres \u00ab dont vous \u00eates le h\u00e9ros \u00bb qu\u2019on pouvait \nlire adolescent dans les ann\u00e9es 90. Sauf qu\u2019au lieu de vivre une \u00e9pop\u00e9e \nd\u2019heroic fantasy, on va subir les m\u00e9saventures quotidiennes d\u2019une \nautrice de bd.\n\n<\/p>\n\n\n\n<p><strong>Pour r\u00e9server <\/strong>: <a href=\"https:\/\/www.eventbrite.fr\/e\/seance-de-dedicaces-avec-emilie-plateau-tickets-189640809767\">https:\/\/www.eventbrite.fr\/e\/seance-de-dedicaces-avec-emilie-plateau-tickets-189640809767<\/a><\/p>\n\n\n\n<p><strong>Le pass sanitaire n&#8217;est pas requis mais bien le port du masque \ud83d\ude42<\/strong><\/p>\n","protected":false},"excerpt":{"rendered":"<p>Report\u00e9e!!!!!!!!!!!!!!!!!!!!!!!!Dans le cadre de Lisez-vous belge, bienvenue \u00e0 Emilie Plateau pour une s\u00e9ance de d\u00e9dicaces de son nouvel album L&#8217;\u00e9pop\u00e9e infernale paru aux Editions Misma. Avec L\u2019\u00c9POP\u00c9E INFERNALE, \u00c9milie Plateau parodie les mythiques livres \u00ab dont vous \u00eates le h\u00e9ros \u00bb qu\u2019on pouvait lire adolescent dans les ann\u00e9es 90. Sauf qu\u2019au lieu de vivre une &hellip; <a href=\"https:\/\/tulitu.eu\/wp\/?p=2066\" class=\"more-link\">Continue reading <span class=\"screen-reader-text\">Report\u00e9e !!!!Mardi 9 novembre de 18h \u00e0 20h &#8211; S\u00e9ance de d\u00e9dicaces avec Emilie Plateau<\/span> <span class=\"meta-nav\">&rarr;<\/span><\/a><\/p>\n","protected":false},"author":1,"featured_media":0,"comment_status":"open","ping_status":"open","sticky":false,"template":"","format":"standard","meta":{"footnotes":""},"categories":[2],"tags":[],"class_list":["post-2066","post","type-post","status-publish","format-standard","hentry","category-agenda"],"_links":{"self":[{"href":"https:\/\/tulitu.eu\/wp\/index.php?rest_route=\/wp\/v2\/posts\/2066","targetHints":{"allow":["GET"]}}],"collection":[{"href":"https:\/\/tulitu.eu\/wp\/index.php?rest_route=\/wp\/v2\/posts"}],"about":[{"href":"https:\/\/tulitu.eu\/wp\/index.php?rest_route=\/wp\/v2\/types\/post"}],"author":[{"embeddable":true,"href":"https:\/\/tulitu.eu\/wp\/index.php?rest_route=\/wp\/v2\/users\/1"}],"replies":[{"embeddable":true,"href":"https:\/\/tulitu.eu\/wp\/index.php?rest_route=%2Fwp%2Fv2%2Fcomments&post=2066"}],"version-history":[{"count":6,"href":"https:\/\/tulitu.eu\/wp\/index.php?rest_route=\/wp\/v2\/posts\/2066\/revisions"}],"predecessor-version":[{"id":2123,"href":"https:\/\/tulitu.eu\/wp\/index.php?rest_route=\/wp\/v2\/posts\/2066\/revisions\/2123"}],"wp:attachment":[{"href":"https:\/\/tulitu.eu\/wp\/index.php?rest_route=%2Fwp%2Fv2%2Fmedia&parent=2066"}],"wp:term":[{"taxonomy":"category","embeddable":true,"href":"https:\/\/tulitu.eu\/wp\/index.php?rest_route=%2Fwp%2Fv2%2Fcategories&post=2066"},{"taxonomy":"post_tag","embeddable":true,"href":"https:\/\/tulitu.eu\/wp\/index.php?rest_route=%2Fwp%2Fv2%2Ftags&post=2066"}],"curies":[{"name":"wp","href":"https:\/\/api.w.org\/{rel}","templated":true}]}}