{"id":2060,"date":"2021-10-04T12:05:13","date_gmt":"2021-10-04T12:05:13","guid":{"rendered":"http:\/\/tulitu.eu\/wp\/?p=2060"},"modified":"2021-11-02T21:05:53","modified_gmt":"2021-11-02T21:05:53","slug":"mardi-16-novembre-a-18h-rencontre-avec-marion-pillas-cofondatrice-de-la-revue-la-deferlante","status":"publish","type":"post","link":"https:\/\/tulitu.eu\/wp\/?p=2060","title":{"rendered":"Complet &#8211; Mardi 16 novembre \u00e0 18h &#8211; Rencontre avec Marion Pillas, cofondatrice de la revue La D\u00e9ferlante"},"content":{"rendered":"\n<figure class=\"wp-block-image\"><img loading=\"lazy\" decoding=\"async\" width=\"800\" height=\"400\" src=\"http:\/\/tulitu.eu\/wp\/wp-content\/uploads\/2021\/10\/d\u00e9ferlante.jpg\" alt=\"\" class=\"wp-image-2061\" srcset=\"https:\/\/tulitu.eu\/wp\/wp-content\/uploads\/2021\/10\/d\u00e9ferlante.jpg 800w, https:\/\/tulitu.eu\/wp\/wp-content\/uploads\/2021\/10\/d\u00e9ferlante-300x150.jpg 300w, https:\/\/tulitu.eu\/wp\/wp-content\/uploads\/2021\/10\/d\u00e9ferlante-768x384.jpg 768w\" sizes=\"auto, (max-width: 800px) 100vw, 800px\" \/><\/figure>\n\n\n\n<p>Pour r\u00e9server : <a href=\"https:\/\/www.eventbrite.fr\/e\/billets-rencontre-avec-marion-pillas-cofondatrice-de-la-revue-la-deferlante-184760823597\">https:\/\/www.eventbrite.fr\/e\/billets-rencontre-avec-marion-pillas-cofondatrice-de-la-revue-la-deferlante-184760823597<\/a><\/p>\n\n\n\n<p>La D\u00e9ferlante est une revue  f\u00e9ministe trimestrielle pour comprendre et penser la r\u00e9volution f\u00e9ministe en cours.<\/p>\n\n\n\n<p>Pr\u00e9sentation du 3\u00e8me num\u00e9ro de la revue La D\u00e9ferlante, en pr\u00e9sence d&#8217;une des cofondatrices Marion Pillas qui nous parlera de la revue et plus particuli\u00e8rement de ce nouveau num\u00e9ro &#8220;Se battre&#8221;.<\/p>\n\n\n\n<p>Ce troisi\u00e8me num\u00e9ro est plac\u00e9 sous le ligne de la combativit\u00e9. Au programme des 160 pages, une immersion avec les manifestantes dans les cort\u00e8ges de t\u00eate, un r\u00e9cit d\u2019Alice Coffin sur son combat d\u2019\u00e9lue ou encore un entretien avec Lydia Zijdel, pionni\u00e8re de l\u2019auto-d\u00e9fense f\u00e9ministe.<\/p>\n\n\n\n<p><strong>Le pass sanitaire n&#8217;est pas requis mais bien le port du masque \ud83d\ude42<\/strong><\/p>\n\n\n\n<p>Avec le soutien de <\/p>\n\n\n\n<figure class=\"wp-block-image\"><img loading=\"lazy\" decoding=\"async\" width=\"1024\" height=\"299\" src=\"http:\/\/tulitu.eu\/wp\/wp-content\/uploads\/2019\/03\/logo_FWB-1024x299.jpg\" alt=\"\" class=\"wp-image-1422\" srcset=\"https:\/\/tulitu.eu\/wp\/wp-content\/uploads\/2019\/03\/logo_FWB-1024x299.jpg 1024w, https:\/\/tulitu.eu\/wp\/wp-content\/uploads\/2019\/03\/logo_FWB-300x87.jpg 300w, https:\/\/tulitu.eu\/wp\/wp-content\/uploads\/2019\/03\/logo_FWB-768x224.jpg 768w, https:\/\/tulitu.eu\/wp\/wp-content\/uploads\/2019\/03\/logo_FWB.jpg 1382w\" sizes=\"auto, (max-width: 1024px) 100vw, 1024px\" \/><\/figure>\n","protected":false},"excerpt":{"rendered":"<p>Pour r\u00e9server : https:\/\/www.eventbrite.fr\/e\/billets-rencontre-avec-marion-pillas-cofondatrice-de-la-revue-la-deferlante-184760823597 La D\u00e9ferlante est une revue f\u00e9ministe trimestrielle pour comprendre et penser la r\u00e9volution f\u00e9ministe en cours. Pr\u00e9sentation du 3\u00e8me num\u00e9ro de la revue La D\u00e9ferlante, en pr\u00e9sence d&#8217;une des cofondatrices Marion Pillas qui nous parlera de la revue et plus particuli\u00e8rement de ce nouveau num\u00e9ro &#8220;Se battre&#8221;. Ce troisi\u00e8me num\u00e9ro est &hellip; <a href=\"https:\/\/tulitu.eu\/wp\/?p=2060\" class=\"more-link\">Continue reading <span class=\"screen-reader-text\">Complet &#8211; Mardi 16 novembre \u00e0 18h &#8211; Rencontre avec Marion Pillas, cofondatrice de la revue La D\u00e9ferlante<\/span> <span class=\"meta-nav\">&rarr;<\/span><\/a><\/p>\n","protected":false},"author":1,"featured_media":0,"comment_status":"open","ping_status":"open","sticky":false,"template":"","format":"standard","meta":{"footnotes":""},"categories":[2],"tags":[],"class_list":["post-2060","post","type-post","status-publish","format-standard","hentry","category-agenda"],"_links":{"self":[{"href":"https:\/\/tulitu.eu\/wp\/index.php?rest_route=\/wp\/v2\/posts\/2060","targetHints":{"allow":["GET"]}}],"collection":[{"href":"https:\/\/tulitu.eu\/wp\/index.php?rest_route=\/wp\/v2\/posts"}],"about":[{"href":"https:\/\/tulitu.eu\/wp\/index.php?rest_route=\/wp\/v2\/types\/post"}],"author":[{"embeddable":true,"href":"https:\/\/tulitu.eu\/wp\/index.php?rest_route=\/wp\/v2\/users\/1"}],"replies":[{"embeddable":true,"href":"https:\/\/tulitu.eu\/wp\/index.php?rest_route=%2Fwp%2Fv2%2Fcomments&post=2060"}],"version-history":[{"count":5,"href":"https:\/\/tulitu.eu\/wp\/index.php?rest_route=\/wp\/v2\/posts\/2060\/revisions"}],"predecessor-version":[{"id":2124,"href":"https:\/\/tulitu.eu\/wp\/index.php?rest_route=\/wp\/v2\/posts\/2060\/revisions\/2124"}],"wp:attachment":[{"href":"https:\/\/tulitu.eu\/wp\/index.php?rest_route=%2Fwp%2Fv2%2Fmedia&parent=2060"}],"wp:term":[{"taxonomy":"category","embeddable":true,"href":"https:\/\/tulitu.eu\/wp\/index.php?rest_route=%2Fwp%2Fv2%2Fcategories&post=2060"},{"taxonomy":"post_tag","embeddable":true,"href":"https:\/\/tulitu.eu\/wp\/index.php?rest_route=%2Fwp%2Fv2%2Ftags&post=2060"}],"curies":[{"name":"wp","href":"https:\/\/api.w.org\/{rel}","templated":true}]}}