{"id":2018,"date":"2021-08-24T16:21:15","date_gmt":"2021-08-24T16:21:15","guid":{"rendered":"http:\/\/tulitu.eu\/wp\/?p=2018"},"modified":"2021-08-24T16:21:15","modified_gmt":"2021-08-24T16:21:15","slug":"vendredi-17-septembre-de-18h-a-20h-dedicace-de-la-bd-jeunesse-awa-avec-zelia-abadie-et-gwenaelle-doumont","status":"publish","type":"post","link":"https:\/\/tulitu.eu\/wp\/?p=2018","title":{"rendered":"Vendredi 17 septembre de 18h \u00e0 20h &#8211; D\u00e9dicace de la bd jeunesse \u00ab Awa \u00bb avec Z\u00e9lia Abadie et Gwena\u00eblle Doumont"},"content":{"rendered":"<p>&nbsp;<\/p>\n<p><a href=\"http:\/\/tulitu.eu\/wp\/wp-content\/uploads\/2021\/08\/awa.jpg\"><img loading=\"lazy\" decoding=\"async\" class=\"alignnone size-medium wp-image-2011\" src=\"http:\/\/tulitu.eu\/wp\/wp-content\/uploads\/2021\/08\/awa-246x300.jpg\" alt=\"\" width=\"246\" height=\"300\" srcset=\"https:\/\/tulitu.eu\/wp\/wp-content\/uploads\/2021\/08\/awa-246x300.jpg 246w, https:\/\/tulitu.eu\/wp\/wp-content\/uploads\/2021\/08\/awa-768x938.jpg 768w, https:\/\/tulitu.eu\/wp\/wp-content\/uploads\/2021\/08\/awa-838x1024.jpg 838w, https:\/\/tulitu.eu\/wp\/wp-content\/uploads\/2021\/08\/awa.jpg 1933w\" sizes=\"auto, (max-width: 246px) 100vw, 246px\" \/><\/a><\/p>\n<div>Pour r\u00e9server : <a href=\"http:\/\/www.eventbrite.fr\/e\/billets-dedicace-de-la-bd-jeunesse-awa-avec-zelia-abadie-et-gwenaelle-doumont-168267812557\">www.eventbrite.fr\/e\/billets-dedicace-de-la-bd-jeunesse-awa-avec-zelia-abadie-et-gwenaelle-doumont-168267812557<\/a><\/div>\n<div><\/div>\n<div class=\"kvgmc6g5 cxmmr5t8 oygrvhab hcukyx3x c1et5uql\">Awa, une BD jeunesse publi\u00e9e par Talents Hauts !<\/div>\n<div><\/div>\n<div class=\"kvgmc6g5 cxmmr5t8 oygrvhab hcukyx3x c1et5uql\">Les deux autrices Z\u00e9lia Abadie et Gwena\u00eblle Doumont seront pr\u00e9sentes pour d\u00e9dicacer cette bande dessin\u00e9e pour les 7-11 ans port\u00e9e par une h\u00e9ro\u00efne m\u00e9tisse \u00e0 la r\u00e9partie d\u00e9capante !<\/div>\n<div><\/div>\n<div class=\"o9v6fnle cxmmr5t8 oygrvhab hcukyx3x c1et5uql\">Awa a sept ans. Elle vit \u00e0 Li\u00e8ge avec ses parents et sa grande s\u0153ur, mais se sent \u00e0 la fois belge, guin\u00e9enne, fran\u00e7aise, marseillaise, sicilienne-italienne&#8230; et gauch\u00e8re. Elle adore le chocolat, les livres, et emb\u00eater sa s\u0153ur Ma\u00efa. Elle a horreur des robes, du racisme, d\u2019\u00eatre gentille avec tout le monde, et elle d\u00e9teste les aubergines. Plus tard, elle veut devenir reine-capitaine-pirate de la mer.<\/div>\n<div class=\"o9v6fnle cxmmr5t8 oygrvhab hcukyx3x c1et5uql\">Elle est curieuse, dr\u00f4le, t\u00eatue, et a un sacr\u00e9 sens de la r\u00e9partie.<\/div>\n<div class=\"o9v6fnle cxmmr5t8 oygrvhab hcukyx3x c1et5uql\">Et elle a beaucoup de choses \u00e0 vous dire&#8230;<\/div>\n<p>&nbsp;<\/p>\n<p>&nbsp;<\/p>\n<p><a href=\"http:\/\/tulitu.eu\/wp\/wp-content\/uploads\/2018\/06\/logo_FWB.jpg\"><img loading=\"lazy\" decoding=\"async\" class=\"alignnone size-medium wp-image-1165\" src=\"http:\/\/tulitu.eu\/wp\/wp-content\/uploads\/2018\/06\/logo_FWB-300x87.jpg\" alt=\"\" width=\"300\" height=\"87\" srcset=\"https:\/\/tulitu.eu\/wp\/wp-content\/uploads\/2018\/06\/logo_FWB-300x87.jpg 300w, https:\/\/tulitu.eu\/wp\/wp-content\/uploads\/2018\/06\/logo_FWB-768x224.jpg 768w, https:\/\/tulitu.eu\/wp\/wp-content\/uploads\/2018\/06\/logo_FWB-1024x299.jpg 1024w, https:\/\/tulitu.eu\/wp\/wp-content\/uploads\/2018\/06\/logo_FWB.jpg 1382w\" sizes=\"auto, (max-width: 300px) 100vw, 300px\" \/><\/a><\/p>\n","protected":false},"excerpt":{"rendered":"<p>&nbsp; Pour r\u00e9server : www.eventbrite.fr\/e\/billets-dedicace-de-la-bd-jeunesse-awa-avec-zelia-abadie-et-gwenaelle-doumont-168267812557 Awa, une BD jeunesse publi\u00e9e par Talents Hauts ! Les deux autrices Z\u00e9lia Abadie et Gwena\u00eblle Doumont seront pr\u00e9sentes pour d\u00e9dicacer cette bande dessin\u00e9e pour les 7-11 ans port\u00e9e par une h\u00e9ro\u00efne m\u00e9tisse \u00e0 la r\u00e9partie d\u00e9capante ! Awa a sept ans. Elle vit \u00e0 Li\u00e8ge avec ses parents et &hellip; <a href=\"https:\/\/tulitu.eu\/wp\/?p=2018\" class=\"more-link\">Continue reading <span class=\"screen-reader-text\">Vendredi 17 septembre de 18h \u00e0 20h &#8211; D\u00e9dicace de la bd jeunesse \u00ab Awa \u00bb avec Z\u00e9lia Abadie et Gwena\u00eblle Doumont<\/span> <span class=\"meta-nav\">&rarr;<\/span><\/a><\/p>\n","protected":false},"author":1,"featured_media":0,"comment_status":"open","ping_status":"open","sticky":false,"template":"","format":"standard","meta":{"footnotes":""},"categories":[2],"tags":[],"class_list":["post-2018","post","type-post","status-publish","format-standard","hentry","category-agenda"],"_links":{"self":[{"href":"https:\/\/tulitu.eu\/wp\/index.php?rest_route=\/wp\/v2\/posts\/2018","targetHints":{"allow":["GET"]}}],"collection":[{"href":"https:\/\/tulitu.eu\/wp\/index.php?rest_route=\/wp\/v2\/posts"}],"about":[{"href":"https:\/\/tulitu.eu\/wp\/index.php?rest_route=\/wp\/v2\/types\/post"}],"author":[{"embeddable":true,"href":"https:\/\/tulitu.eu\/wp\/index.php?rest_route=\/wp\/v2\/users\/1"}],"replies":[{"embeddable":true,"href":"https:\/\/tulitu.eu\/wp\/index.php?rest_route=%2Fwp%2Fv2%2Fcomments&post=2018"}],"version-history":[{"count":1,"href":"https:\/\/tulitu.eu\/wp\/index.php?rest_route=\/wp\/v2\/posts\/2018\/revisions"}],"predecessor-version":[{"id":2019,"href":"https:\/\/tulitu.eu\/wp\/index.php?rest_route=\/wp\/v2\/posts\/2018\/revisions\/2019"}],"wp:attachment":[{"href":"https:\/\/tulitu.eu\/wp\/index.php?rest_route=%2Fwp%2Fv2%2Fmedia&parent=2018"}],"wp:term":[{"taxonomy":"category","embeddable":true,"href":"https:\/\/tulitu.eu\/wp\/index.php?rest_route=%2Fwp%2Fv2%2Fcategories&post=2018"},{"taxonomy":"post_tag","embeddable":true,"href":"https:\/\/tulitu.eu\/wp\/index.php?rest_route=%2Fwp%2Fv2%2Ftags&post=2018"}],"curies":[{"name":"wp","href":"https:\/\/api.w.org\/{rel}","templated":true}]}}