{"id":2013,"date":"2021-08-24T16:10:41","date_gmt":"2021-08-24T16:10:41","guid":{"rendered":"http:\/\/tulitu.eu\/wp\/?p=2013"},"modified":"2021-08-24T16:21:33","modified_gmt":"2021-08-24T16:21:33","slug":"jeudi-16-septembre-a-19h-rencontre-avec-irene-kaufer","status":"publish","type":"post","link":"https:\/\/tulitu.eu\/wp\/?p=2013","title":{"rendered":"Jeudi 16 septembre \u00e0 19h &#8211; Rencontre avec Ir\u00e8ne Kaufer"},"content":{"rendered":"<p><a href=\"http:\/\/tulitu.eu\/wp\/wp-content\/uploads\/2021\/08\/irenekauffer.jpg\"><img loading=\"lazy\" decoding=\"async\" class=\"alignnone size-medium wp-image-2014\" src=\"http:\/\/tulitu.eu\/wp\/wp-content\/uploads\/2021\/08\/irenekauffer-225x300.jpg\" alt=\"\" width=\"225\" height=\"300\" srcset=\"https:\/\/tulitu.eu\/wp\/wp-content\/uploads\/2021\/08\/irenekauffer-225x300.jpg 225w, https:\/\/tulitu.eu\/wp\/wp-content\/uploads\/2021\/08\/irenekauffer-768x1024.jpg 768w\" sizes=\"auto, (max-width: 225px) 100vw, 225px\" \/><\/a><a href=\"http:\/\/tulitu.eu\/wp\/wp-content\/uploads\/2021\/08\/irenekauffer2.jpg\"><img loading=\"lazy\" decoding=\"async\" class=\"alignnone size-medium wp-image-2015\" src=\"http:\/\/tulitu.eu\/wp\/wp-content\/uploads\/2021\/08\/irenekauffer2-241x300.jpg\" alt=\"\" width=\"241\" height=\"300\" srcset=\"https:\/\/tulitu.eu\/wp\/wp-content\/uploads\/2021\/08\/irenekauffer2-241x300.jpg 241w, https:\/\/tulitu.eu\/wp\/wp-content\/uploads\/2021\/08\/irenekauffer2.jpg 300w\" sizes=\"auto, (max-width: 241px) 100vw, 241px\" \/><\/a><\/p>\n<p><strong>Pour r\u00e9server<\/strong> : <a href=\"https:\/\/www.eventbrite.fr\/e\/billets-rencontre-avec-irene-kaufer-168293501393\">https:\/\/www.eventbrite.fr\/e\/billets-rencontre-avec-irene-kaufer-168293501393<\/a><\/p>\n<p class=\"p3\">Militante f\u00e9ministe et syndicale, Ir\u00e8ne Kaufer est aujourd&#8217;hui retrait\u00e9e, ce qui ne l&#8217;emp\u00eache pas d&#8217;\u00eatre toujours aussi engag\u00e9e. Elle continue \u00e0 nous livrer son regard caustique sur l&#8217;actualit\u00e9 via les r\u00e9seaux sociaux ou le magasine l&#8217;asymptomatique.<\/p>\n<p class=\"p3\">Son premier roman\u00a0<em>Dibbouks<\/em> paru aux \u00e9ditions de l&#8217;antilope est une p\u00e9pite!<\/p>\n<p class=\"p3\">Dans la croyance populaire juive, le dibbouk est l\u2019\u00e2me d\u2019un mort qui vient s\u2019incarner dans le corps d\u2019un vivant. Ici, la narratrice est obs\u00e9d\u00e9e par une qu\u00eate familiale. Son p\u00e8re, rescap\u00e9 de la Shoah, a laiss\u00e9 un t\u00e9moignage dans lequel il raconte comment, lors de sa d\u00e9portation, il a \u00e9t\u00e9 s\u00e9par\u00e9 de sa fille.<br \/>\nQu\u2019est-elle devenue ? Elle a disparu \u00e0 jamais.<br \/>\nMais la narratrice, elle, se laisse peu \u00e0 peu envahir par le dibbouk de cette s\u0153ur. Elle n\u2019a de cesse, d\u00e8s lors, de se lancer \u00e0 la recherche de Mariette.<\/p>\n<p class=\"p3\">Un roman qui traite un sujet dur avec beaucoup d&#8217;humour.<\/p>\n<p>La rencontre sera anim\u00e9e par July Robert.<\/p>\n<p>&nbsp;<\/p>\n<p><a href=\"http:\/\/tulitu.eu\/wp\/wp-content\/uploads\/2019\/03\/logo_FWB.jpg\"><img loading=\"lazy\" decoding=\"async\" class=\"alignnone size-medium wp-image-1422\" src=\"http:\/\/tulitu.eu\/wp\/wp-content\/uploads\/2019\/03\/logo_FWB-300x87.jpg\" alt=\"\" width=\"300\" height=\"87\" srcset=\"https:\/\/tulitu.eu\/wp\/wp-content\/uploads\/2019\/03\/logo_FWB-300x87.jpg 300w, https:\/\/tulitu.eu\/wp\/wp-content\/uploads\/2019\/03\/logo_FWB-768x224.jpg 768w, https:\/\/tulitu.eu\/wp\/wp-content\/uploads\/2019\/03\/logo_FWB-1024x299.jpg 1024w, https:\/\/tulitu.eu\/wp\/wp-content\/uploads\/2019\/03\/logo_FWB.jpg 1382w\" sizes=\"auto, (max-width: 300px) 100vw, 300px\" \/><\/a><\/p>\n","protected":false},"excerpt":{"rendered":"<p>Pour r\u00e9server : https:\/\/www.eventbrite.fr\/e\/billets-rencontre-avec-irene-kaufer-168293501393 Militante f\u00e9ministe et syndicale, Ir\u00e8ne Kaufer est aujourd&#8217;hui retrait\u00e9e, ce qui ne l&#8217;emp\u00eache pas d&#8217;\u00eatre toujours aussi engag\u00e9e. Elle continue \u00e0 nous livrer son regard caustique sur l&#8217;actualit\u00e9 via les r\u00e9seaux sociaux ou le magasine l&#8217;asymptomatique. Son premier roman\u00a0Dibbouks paru aux \u00e9ditions de l&#8217;antilope est une p\u00e9pite! Dans la croyance populaire &hellip; <a href=\"https:\/\/tulitu.eu\/wp\/?p=2013\" class=\"more-link\">Continue reading <span class=\"screen-reader-text\">Jeudi 16 septembre \u00e0 19h &#8211; Rencontre avec Ir\u00e8ne Kaufer<\/span> <span class=\"meta-nav\">&rarr;<\/span><\/a><\/p>\n","protected":false},"author":1,"featured_media":0,"comment_status":"open","ping_status":"open","sticky":false,"template":"","format":"standard","meta":{"footnotes":""},"categories":[2],"tags":[],"class_list":["post-2013","post","type-post","status-publish","format-standard","hentry","category-agenda"],"_links":{"self":[{"href":"https:\/\/tulitu.eu\/wp\/index.php?rest_route=\/wp\/v2\/posts\/2013","targetHints":{"allow":["GET"]}}],"collection":[{"href":"https:\/\/tulitu.eu\/wp\/index.php?rest_route=\/wp\/v2\/posts"}],"about":[{"href":"https:\/\/tulitu.eu\/wp\/index.php?rest_route=\/wp\/v2\/types\/post"}],"author":[{"embeddable":true,"href":"https:\/\/tulitu.eu\/wp\/index.php?rest_route=\/wp\/v2\/users\/1"}],"replies":[{"embeddable":true,"href":"https:\/\/tulitu.eu\/wp\/index.php?rest_route=%2Fwp%2Fv2%2Fcomments&post=2013"}],"version-history":[{"count":3,"href":"https:\/\/tulitu.eu\/wp\/index.php?rest_route=\/wp\/v2\/posts\/2013\/revisions"}],"predecessor-version":[{"id":2020,"href":"https:\/\/tulitu.eu\/wp\/index.php?rest_route=\/wp\/v2\/posts\/2013\/revisions\/2020"}],"wp:attachment":[{"href":"https:\/\/tulitu.eu\/wp\/index.php?rest_route=%2Fwp%2Fv2%2Fmedia&parent=2013"}],"wp:term":[{"taxonomy":"category","embeddable":true,"href":"https:\/\/tulitu.eu\/wp\/index.php?rest_route=%2Fwp%2Fv2%2Fcategories&post=2013"},{"taxonomy":"post_tag","embeddable":true,"href":"https:\/\/tulitu.eu\/wp\/index.php?rest_route=%2Fwp%2Fv2%2Ftags&post=2013"}],"curies":[{"name":"wp","href":"https:\/\/api.w.org\/{rel}","templated":true}]}}