{"id":1997,"date":"2021-07-23T13:46:51","date_gmt":"2021-07-23T13:46:51","guid":{"rendered":"http:\/\/tulitu.eu\/wp\/?p=1997"},"modified":"2021-08-13T11:03:40","modified_gmt":"2021-08-13T11:03:40","slug":"mardi-31-aout-de-18h-a-20h_paul-kawczak-en-dedicace","status":"publish","type":"post","link":"https:\/\/tulitu.eu\/wp\/?p=1997","title":{"rendered":"Mardi 31 ao\u00fbt de 18h \u00e0 20h  Rencontre avec Paul Kawczak"},"content":{"rendered":"<p><a href=\"http:\/\/tulitu.eu\/wp\/wp-content\/uploads\/2021\/07\/9782290238554_Tenebre_CouvBandeau_HD.jpg\"><img loading=\"lazy\" decoding=\"async\" class=\"alignnone size-medium wp-image-1998\" src=\"http:\/\/tulitu.eu\/wp\/wp-content\/uploads\/2021\/07\/9782290238554_Tenebre_CouvBandeau_HD-185x300.jpg\" alt=\"\" width=\"185\" height=\"300\" srcset=\"https:\/\/tulitu.eu\/wp\/wp-content\/uploads\/2021\/07\/9782290238554_Tenebre_CouvBandeau_HD-185x300.jpg 185w, https:\/\/tulitu.eu\/wp\/wp-content\/uploads\/2021\/07\/9782290238554_Tenebre_CouvBandeau_HD-768x1243.jpg 768w, https:\/\/tulitu.eu\/wp\/wp-content\/uploads\/2021\/07\/9782290238554_Tenebre_CouvBandeau_HD-633x1024.jpg 633w, https:\/\/tulitu.eu\/wp\/wp-content\/uploads\/2021\/07\/9782290238554_Tenebre_CouvBandeau_HD.jpg 1299w\" sizes=\"auto, (max-width: 185px) 100vw, 185px\" \/><\/a><a href=\"http:\/\/tulitu.eu\/wp\/wp-content\/uploads\/2021\/07\/PAUL_KAWCZAK_Laurence-Grandbois-Bernard.jpg\"><img loading=\"lazy\" decoding=\"async\" class=\"alignnone size-medium wp-image-1999\" src=\"http:\/\/tulitu.eu\/wp\/wp-content\/uploads\/2021\/07\/PAUL_KAWCZAK_Laurence-Grandbois-Bernard-200x300.jpg\" alt=\"\" width=\"200\" height=\"300\" srcset=\"https:\/\/tulitu.eu\/wp\/wp-content\/uploads\/2021\/07\/PAUL_KAWCZAK_Laurence-Grandbois-Bernard-200x300.jpg 200w, https:\/\/tulitu.eu\/wp\/wp-content\/uploads\/2021\/07\/PAUL_KAWCZAK_Laurence-Grandbois-Bernard-768x1152.jpg 768w, https:\/\/tulitu.eu\/wp\/wp-content\/uploads\/2021\/07\/PAUL_KAWCZAK_Laurence-Grandbois-Bernard-682x1024.jpg 682w\" sizes=\"auto, (max-width: 200px) 100vw, 200px\" \/><\/a><\/p>\n<p>photo de Paul @Laurence Grandbois Bernard<\/p>\n<p><strong>R\u00e9servation par ici<\/strong> : <a href=\"https:\/\/www.eventbrite.be\/e\/paul-kawczak-en-dedicace-tickets-164472342203?keep_tld=1\">https:\/\/www.eventbrite.be\/e\/paul-kawczak-en-dedicace-tickets-164472342203?keep_tld=1<\/a><\/p>\n<p><span class=\"d2edcug0 hpfvmrgz qv66sw1b c1et5uql lr9zc1uh a8c37x1j keod5gw0 nxhoafnm aigsh9s9 d3f4x2em fe6kdd0r mau55g9w c8b282yb iv3no6db jq4qci2q a3bd9o3v knj5qynh oo9gr5id\" dir=\"auto\">Bienvenue \u00e0 Paul Kawczak \u00e0 l&#8217;occasion de la parution en poche de son roman &#8220;T\u00e9n\u00e8bre&#8221; chez J&#8217;ai Lu.<\/span><\/p>\n<p><span class=\"d2edcug0 hpfvmrgz qv66sw1b c1et5uql lr9zc1uh a8c37x1j keod5gw0 nxhoafnm aigsh9s9 d3f4x2em fe6kdd0r mau55g9w c8b282yb iv3no6db jq4qci2q a3bd9o3v knj5qynh oo9gr5id\" dir=\"auto\">Quand le roi L\u00e9opold II confie \u00e0 une jeune cartographe plein de bonnes intentions la mission de cartographier les fronti\u00e8res du Congo belge&#8230;<br \/>\nUn chef d\u2019\u0153uvre absolu publi\u00e9 en grand format chez nos amis La Peuplade : une \u00e9criture cisel\u00e9e, des personnages que vous n&#8217;oublierez jamais, la folie du colonialisme, l&#8217;amour filial,l&#8217;amour charnel !<\/span><\/p>\n<p>&nbsp;<\/p>\n<p>Avec le soutien de<\/p>\n<p><a href=\"http:\/\/tulitu.eu\/wp\/wp-content\/uploads\/2021\/07\/CCA_RGB_black_f.jpg\"><img loading=\"lazy\" decoding=\"async\" class=\"alignnone size-medium wp-image-2007\" src=\"http:\/\/tulitu.eu\/wp\/wp-content\/uploads\/2021\/07\/CCA_RGB_black_f-300x55.jpg\" alt=\"\" width=\"300\" height=\"55\" srcset=\"https:\/\/tulitu.eu\/wp\/wp-content\/uploads\/2021\/07\/CCA_RGB_black_f-300x55.jpg 300w, https:\/\/tulitu.eu\/wp\/wp-content\/uploads\/2021\/07\/CCA_RGB_black_f.jpg 577w\" sizes=\"auto, (max-width: 300px) 100vw, 300px\" \/><\/a><\/p>\n<p>&nbsp;<\/p>\n<p><a href=\"http:\/\/tulitu.eu\/wp\/wp-content\/uploads\/2019\/03\/logo_FWB.jpg\"><img loading=\"lazy\" decoding=\"async\" class=\"alignnone size-medium wp-image-1422\" src=\"http:\/\/tulitu.eu\/wp\/wp-content\/uploads\/2019\/03\/logo_FWB-300x87.jpg\" alt=\"\" width=\"300\" height=\"87\" srcset=\"https:\/\/tulitu.eu\/wp\/wp-content\/uploads\/2019\/03\/logo_FWB-300x87.jpg 300w, https:\/\/tulitu.eu\/wp\/wp-content\/uploads\/2019\/03\/logo_FWB-768x224.jpg 768w, https:\/\/tulitu.eu\/wp\/wp-content\/uploads\/2019\/03\/logo_FWB-1024x299.jpg 1024w, https:\/\/tulitu.eu\/wp\/wp-content\/uploads\/2019\/03\/logo_FWB.jpg 1382w\" sizes=\"auto, (max-width: 300px) 100vw, 300px\" \/><\/a><\/p>\n","protected":false},"excerpt":{"rendered":"<p>photo de Paul @Laurence Grandbois Bernard R\u00e9servation par ici : https:\/\/www.eventbrite.be\/e\/paul-kawczak-en-dedicace-tickets-164472342203?keep_tld=1 Bienvenue \u00e0 Paul Kawczak \u00e0 l&#8217;occasion de la parution en poche de son roman &#8220;T\u00e9n\u00e8bre&#8221; chez J&#8217;ai Lu. Quand le roi L\u00e9opold II confie \u00e0 une jeune cartographe plein de bonnes intentions la mission de cartographier les fronti\u00e8res du Congo belge&#8230; Un chef d\u2019\u0153uvre &hellip; <a href=\"https:\/\/tulitu.eu\/wp\/?p=1997\" class=\"more-link\">Continue reading <span class=\"screen-reader-text\">Mardi 31 ao\u00fbt de 18h \u00e0 20h  Rencontre avec Paul Kawczak<\/span> <span class=\"meta-nav\">&rarr;<\/span><\/a><\/p>\n","protected":false},"author":1,"featured_media":0,"comment_status":"open","ping_status":"open","sticky":false,"template":"","format":"standard","meta":{"footnotes":""},"categories":[2],"tags":[],"class_list":["post-1997","post","type-post","status-publish","format-standard","hentry","category-agenda"],"_links":{"self":[{"href":"https:\/\/tulitu.eu\/wp\/index.php?rest_route=\/wp\/v2\/posts\/1997","targetHints":{"allow":["GET"]}}],"collection":[{"href":"https:\/\/tulitu.eu\/wp\/index.php?rest_route=\/wp\/v2\/posts"}],"about":[{"href":"https:\/\/tulitu.eu\/wp\/index.php?rest_route=\/wp\/v2\/types\/post"}],"author":[{"embeddable":true,"href":"https:\/\/tulitu.eu\/wp\/index.php?rest_route=\/wp\/v2\/users\/1"}],"replies":[{"embeddable":true,"href":"https:\/\/tulitu.eu\/wp\/index.php?rest_route=%2Fwp%2Fv2%2Fcomments&post=1997"}],"version-history":[{"count":8,"href":"https:\/\/tulitu.eu\/wp\/index.php?rest_route=\/wp\/v2\/posts\/1997\/revisions"}],"predecessor-version":[{"id":2009,"href":"https:\/\/tulitu.eu\/wp\/index.php?rest_route=\/wp\/v2\/posts\/1997\/revisions\/2009"}],"wp:attachment":[{"href":"https:\/\/tulitu.eu\/wp\/index.php?rest_route=%2Fwp%2Fv2%2Fmedia&parent=1997"}],"wp:term":[{"taxonomy":"category","embeddable":true,"href":"https:\/\/tulitu.eu\/wp\/index.php?rest_route=%2Fwp%2Fv2%2Fcategories&post=1997"},{"taxonomy":"post_tag","embeddable":true,"href":"https:\/\/tulitu.eu\/wp\/index.php?rest_route=%2Fwp%2Fv2%2Ftags&post=1997"}],"curies":[{"name":"wp","href":"https:\/\/api.w.org\/{rel}","templated":true}]}}