{"id":1976,"date":"2021-05-27T17:05:52","date_gmt":"2021-05-27T17:05:52","guid":{"rendered":"http:\/\/tulitu.eu\/wp\/?p=1976"},"modified":"2021-05-27T17:14:45","modified_gmt":"2021-05-27T17:14:45","slug":"jeudi-17-juin-de-18h-a-20h-seance-de-dedicaces-avec-eve-cambreleng","status":"publish","type":"post","link":"https:\/\/tulitu.eu\/wp\/?p=1976","title":{"rendered":"Jeudi 17 juin de 18h \u00e0 20h -S\u00e9ance de d\u00e9dicaces avec Eve Cambreleng"},"content":{"rendered":"<p><a href=\"http:\/\/tulitu.eu\/wp\/wp-content\/uploads\/2021\/05\/cambreleng.jpg\"><img loading=\"lazy\" decoding=\"async\" class=\"alignnone size-medium wp-image-1977\" src=\"http:\/\/tulitu.eu\/wp\/wp-content\/uploads\/2021\/05\/cambreleng-228x300.jpg\" alt=\"\" width=\"228\" height=\"300\" srcset=\"https:\/\/tulitu.eu\/wp\/wp-content\/uploads\/2021\/05\/cambreleng-228x300.jpg 228w, https:\/\/tulitu.eu\/wp\/wp-content\/uploads\/2021\/05\/cambreleng-768x1009.jpg 768w, https:\/\/tulitu.eu\/wp\/wp-content\/uploads\/2021\/05\/cambreleng-779x1024.jpg 779w\" sizes=\"auto, (max-width: 228px) 100vw, 228px\" \/><\/a><\/p>\n<p>\u00c8ve Cambreleng, est autrice-illustratrice et cr\u00e9atrice du compte Instagram About Evie.<\/p>\n<p><span data-slate-fragment=\"JTdCJTIyb2JqZWN0JTIyJTNBJTIyZG9jdW1lbnQlMjIlMkMlMjJkYXRhJTIyJTNBJTdCJTdEJTJDJTIybm9kZXMlMjIlM0ElNUIlN0IlMjJvYmplY3QlMjIlM0ElMjJibG9jayUyMiUyQyUyMnR5cGUlMjIlM0ElMjJwYXJhZ3JhcGglMjIlMkMlMjJkYXRhJTIyJTNBJTdCJTdEJTJDJTIybm9kZXMlMjIlM0ElNUIlN0IlMjJvYmplY3QlMjIlM0ElMjJ0ZXh0JTIyJTJDJTIybGVhdmVzJTIyJTNBJTVCJTdCJTIyb2JqZWN0JTIyJTNBJTIybGVhZiUyMiUyQyUyMnRleHQlMjIlM0ElMjIlNUMlMjJBJTIwY29ycHMlMjBldCUyMCVDMyVBMCUyMGNyaXMlNUMlMjIlMjBlc3QlMjB1biUyMHJvbWFuJTIwZ3JhcGhpcXVlJTIwcHVibGklQzMlQTklMjBjaGV6JTIwQWxiaW4lMjBNaWNoZWwlMjBzdXIlMjBsZXMlMjBpbmpvbmN0aW9ucyUyMGZhaXRlcyUyMGF1eCUyMGZlbW1lcyUyMCUyMHF1YW50JTIwJUMzJUEwJTIwbGV1ciUyMGNvcnBzLiUyMiUyQyUyMm1hcmtzJTIyJTNBJTVCJTVEJTdEJTVEJTdEJTVEJTdEJTVEJTdE\">&#8220;A corps et \u00e0 cris&#8221; est un roman graphique publi\u00e9 chez Albin Michel sur les injonctions faites aux femmes quant \u00e0 leur corps.<\/span><\/p>\n<p><strong>Merci de r\u00e9server via <a href=\"https:\/\/www.eventbrite.fr\/e\/billets-seance-de-dedicaces-avec-eve-cambreleng-157093716535\">https:\/\/www.eventbrite.fr\/e\/billets-seance-de-dedicaces-avec-eve-cambreleng-157093716535<\/a><br \/>\n<\/strong><\/p>\n<p>&nbsp;<\/p>\n<p>&nbsp;<\/p>\n","protected":false},"excerpt":{"rendered":"<p>\u00c8ve Cambreleng, est autrice-illustratrice et cr\u00e9atrice du compte Instagram About Evie. &#8220;A corps et \u00e0 cris&#8221; est un roman graphique publi\u00e9 chez Albin Michel sur les injonctions faites aux femmes quant \u00e0 leur corps. Merci de r\u00e9server via https:\/\/www.eventbrite.fr\/e\/billets-seance-de-dedicaces-avec-eve-cambreleng-157093716535 &nbsp; &nbsp;<\/p>\n","protected":false},"author":1,"featured_media":0,"comment_status":"open","ping_status":"open","sticky":false,"template":"","format":"standard","meta":{"footnotes":""},"categories":[2],"tags":[],"class_list":["post-1976","post","type-post","status-publish","format-standard","hentry","category-agenda"],"_links":{"self":[{"href":"https:\/\/tulitu.eu\/wp\/index.php?rest_route=\/wp\/v2\/posts\/1976","targetHints":{"allow":["GET"]}}],"collection":[{"href":"https:\/\/tulitu.eu\/wp\/index.php?rest_route=\/wp\/v2\/posts"}],"about":[{"href":"https:\/\/tulitu.eu\/wp\/index.php?rest_route=\/wp\/v2\/types\/post"}],"author":[{"embeddable":true,"href":"https:\/\/tulitu.eu\/wp\/index.php?rest_route=\/wp\/v2\/users\/1"}],"replies":[{"embeddable":true,"href":"https:\/\/tulitu.eu\/wp\/index.php?rest_route=%2Fwp%2Fv2%2Fcomments&post=1976"}],"version-history":[{"count":2,"href":"https:\/\/tulitu.eu\/wp\/index.php?rest_route=\/wp\/v2\/posts\/1976\/revisions"}],"predecessor-version":[{"id":1979,"href":"https:\/\/tulitu.eu\/wp\/index.php?rest_route=\/wp\/v2\/posts\/1976\/revisions\/1979"}],"wp:attachment":[{"href":"https:\/\/tulitu.eu\/wp\/index.php?rest_route=%2Fwp%2Fv2%2Fmedia&parent=1976"}],"wp:term":[{"taxonomy":"category","embeddable":true,"href":"https:\/\/tulitu.eu\/wp\/index.php?rest_route=%2Fwp%2Fv2%2Fcategories&post=1976"},{"taxonomy":"post_tag","embeddable":true,"href":"https:\/\/tulitu.eu\/wp\/index.php?rest_route=%2Fwp%2Fv2%2Ftags&post=1976"}],"curies":[{"name":"wp","href":"https:\/\/api.w.org\/{rel}","templated":true}]}}