{"id":1972,"date":"2021-05-20T08:40:13","date_gmt":"2021-05-20T08:40:13","guid":{"rendered":"http:\/\/tulitu.eu\/wp\/?p=1972"},"modified":"2021-05-20T16:34:07","modified_gmt":"2021-05-20T16:34:07","slug":"vendredi-4-juin-a-18h-dedicaces-avec-charline-collette","status":"publish","type":"post","link":"https:\/\/tulitu.eu\/wp\/?p=1972","title":{"rendered":"Vendredi 4 juin \u00e0 18h &#8211; D\u00e9dicaces  avec Charline Collette"},"content":{"rendered":"<p><a href=\"http:\/\/tulitu.eu\/wp\/wp-content\/uploads\/2021\/05\/charlinecollette.jpg\"><img loading=\"lazy\" decoding=\"async\" class=\"alignnone size-medium wp-image-1973\" src=\"http:\/\/tulitu.eu\/wp\/wp-content\/uploads\/2021\/05\/charlinecollette-244x300.jpg\" alt=\"\" width=\"244\" height=\"300\" srcset=\"https:\/\/tulitu.eu\/wp\/wp-content\/uploads\/2021\/05\/charlinecollette-244x300.jpg 244w, https:\/\/tulitu.eu\/wp\/wp-content\/uploads\/2021\/05\/charlinecollette-768x945.jpg 768w, https:\/\/tulitu.eu\/wp\/wp-content\/uploads\/2021\/05\/charlinecollette-832x1024.jpg 832w\" sizes=\"auto, (max-width: 244px) 100vw, 244px\" \/><\/a><\/p>\n<p>Nous sommes heureuses d&#8217;accueillir Charline Collette pour une s\u00e9ance de d\u00e9dicaces de son album <em>Au bois<\/em> paru aux Fourmis rouges.<\/p>\n<p>La pr\u00e9sentation de ce titre par les\u00a0 Fourmis rouges vous fera r\u00eaver :<\/p>\n<p>&#8220;M\u00ealant r\u00e9cit et fiction, peinture et bande dessin\u00e9e, onirisme et sociologie\u2026 <em>Au bois<\/em> r\u00e9unit les innombrables talents de Charline Collette, qui en font un album tout \u00e0 fait unique.<\/p>\n<p class=\"p1\">La for\u00eat, terrain de jeux et d\u2019exp\u00e9rimentation, est une in\u00e9puisable source d\u2019imaginaire. Charline Collette raconte cette for\u00eat. Celle de son enfance, et celle de tous ces humains qui entretiennent un lien \u00e9troit avec cet espace. S\u2019inspirant d\u2019histoires r\u00e9colt\u00e9es aupr\u00e8s d\u2019enfants et d\u2019adultes, Charline Collette \u00e9voque le lien universel entre l\u2019humanit\u00e9 et la for\u00eat.<\/p>\n<p class=\"p1\"><em>Au bois<\/em> retranscrit 12 r\u00e9cits au fil des saisons, m\u00e9langeant bande dessin\u00e9e et belles illustrations. De l\u2019enfant qui raconte avec sinc\u00e9rit\u00e9 sa rencontre avec la minuscule \u00ab maison du coucou \u00bb \u00e0 la femme \u00e2g\u00e9e qui se souvient du go\u00fbt du fromage fondu qu\u2019elle apportait et partageait avec son p\u00e8re, ces r\u00e9cits de toutes les \u00e9poques sont puissamment \u00e9mouvants. Cette \u00e9motion nous r\u00e9v\u00e8le notre attachement ancestral et visc\u00e9ral \u00e0 la for\u00eat.&#8221;<\/p>\n<p><strong>R\u00e9servation par courriel \u00e0 l&#8217;adresse librairie@tulitu.eu<\/strong><\/p>\n","protected":false},"excerpt":{"rendered":"<p>Nous sommes heureuses d&#8217;accueillir Charline Collette pour une s\u00e9ance de d\u00e9dicaces de son album Au bois paru aux Fourmis rouges. La pr\u00e9sentation de ce titre par les\u00a0 Fourmis rouges vous fera r\u00eaver : &#8220;M\u00ealant r\u00e9cit et fiction, peinture et bande dessin\u00e9e, onirisme et sociologie\u2026 Au bois r\u00e9unit les innombrables talents de Charline Collette, qui en &hellip; <a href=\"https:\/\/tulitu.eu\/wp\/?p=1972\" class=\"more-link\">Continue reading <span class=\"screen-reader-text\">Vendredi 4 juin \u00e0 18h &#8211; D\u00e9dicaces  avec Charline Collette<\/span> <span class=\"meta-nav\">&rarr;<\/span><\/a><\/p>\n","protected":false},"author":1,"featured_media":0,"comment_status":"open","ping_status":"open","sticky":false,"template":"","format":"standard","meta":{"footnotes":""},"categories":[2],"tags":[],"class_list":["post-1972","post","type-post","status-publish","format-standard","hentry","category-agenda"],"_links":{"self":[{"href":"https:\/\/tulitu.eu\/wp\/index.php?rest_route=\/wp\/v2\/posts\/1972","targetHints":{"allow":["GET"]}}],"collection":[{"href":"https:\/\/tulitu.eu\/wp\/index.php?rest_route=\/wp\/v2\/posts"}],"about":[{"href":"https:\/\/tulitu.eu\/wp\/index.php?rest_route=\/wp\/v2\/types\/post"}],"author":[{"embeddable":true,"href":"https:\/\/tulitu.eu\/wp\/index.php?rest_route=\/wp\/v2\/users\/1"}],"replies":[{"embeddable":true,"href":"https:\/\/tulitu.eu\/wp\/index.php?rest_route=%2Fwp%2Fv2%2Fcomments&post=1972"}],"version-history":[{"count":2,"href":"https:\/\/tulitu.eu\/wp\/index.php?rest_route=\/wp\/v2\/posts\/1972\/revisions"}],"predecessor-version":[{"id":1975,"href":"https:\/\/tulitu.eu\/wp\/index.php?rest_route=\/wp\/v2\/posts\/1972\/revisions\/1975"}],"wp:attachment":[{"href":"https:\/\/tulitu.eu\/wp\/index.php?rest_route=%2Fwp%2Fv2%2Fmedia&parent=1972"}],"wp:term":[{"taxonomy":"category","embeddable":true,"href":"https:\/\/tulitu.eu\/wp\/index.php?rest_route=%2Fwp%2Fv2%2Fcategories&post=1972"},{"taxonomy":"post_tag","embeddable":true,"href":"https:\/\/tulitu.eu\/wp\/index.php?rest_route=%2Fwp%2Fv2%2Ftags&post=1972"}],"curies":[{"name":"wp","href":"https:\/\/api.w.org\/{rel}","templated":true}]}}