{"id":1967,"date":"2021-05-03T16:06:36","date_gmt":"2021-05-03T16:06:36","guid":{"rendered":"http:\/\/tulitu.eu\/wp\/?p=1967"},"modified":"2021-05-03T16:06:36","modified_gmt":"2021-05-03T16:06:36","slug":"vendredi-28-mai-de-18h-a-19h30-seance-de-dedicaces-avec-safia-kessas","status":"publish","type":"post","link":"https:\/\/tulitu.eu\/wp\/?p=1967","title":{"rendered":"Vendredi 28 mai de 18h \u00e0 19h30 &#8211; S\u00e9ance de d\u00e9dicaces avec Safia Kessas"},"content":{"rendered":"<p><a href=\"http:\/\/tulitu.eu\/wp\/wp-content\/uploads\/2021\/05\/RL_GRENADES_COUV_02-02-21.jpg\"><img loading=\"lazy\" decoding=\"async\" class=\"alignnone size-medium wp-image-1968\" src=\"http:\/\/tulitu.eu\/wp\/wp-content\/uploads\/2021\/05\/RL_GRENADES_COUV_02-02-21-194x300.jpg\" alt=\"\" width=\"194\" height=\"300\" srcset=\"https:\/\/tulitu.eu\/wp\/wp-content\/uploads\/2021\/05\/RL_GRENADES_COUV_02-02-21-194x300.jpg 194w, https:\/\/tulitu.eu\/wp\/wp-content\/uploads\/2021\/05\/RL_GRENADES_COUV_02-02-21-768x1187.jpg 768w, https:\/\/tulitu.eu\/wp\/wp-content\/uploads\/2021\/05\/RL_GRENADES_COUV_02-02-21-663x1024.jpg 663w, https:\/\/tulitu.eu\/wp\/wp-content\/uploads\/2021\/05\/RL_GRENADES_COUV_02-02-21.jpg 1607w\" sizes=\"auto, (max-width: 194px) 100vw, 194px\" \/><\/a><\/p>\n<p>&nbsp;<\/p>\n<p>Pour r\u00e9server, suivez ce lien : <a href=\"https:\/\/www.eventbrite.fr\/e\/billets-seance-de-dedicaces-avec-safia-kessas-153335648051?aff=ebdssbdestsearch\">https:\/\/www.eventbrite.fr\/e\/billets-seance-de-dedicaces-avec-safia-kessas-153335648051?aff=ebdssbdestsearch<\/a><\/p>\n<p>La journaliste Safia Kesass a lance\u0301 en 2019 \u00ab Les Grenades \u00bb,\u00a0un projet web qui de\u0301goupille l\u2019actualite\u0301 concernant les genres et les femmes.<\/p>\n<p>Nous sommes heureuses de l&#8217;accueillir pour une s\u00e9ance de d\u00e9dicaces de son livre <em>Balance ta grenade &#8211; un regard f\u00e9ministe qui d\u00e9goupille la soci\u00e9t\u00e9 <\/em>(Luc Pire\/La Premi\u00e8re).<\/p>\n<p>Ce livre reprend ses chroniques \u00ab\u00a0<em>La Grenade\u00a0\u00bb<\/em> diffus\u00e9e sur la Premi\u00e8re, abordant les th\u00e8mes li\u00e9s aux f\u00e9minismes et aux diversit\u00e9s.<\/p>\n<p>Ces chroniques sont illustr\u00e9es par la graphiste Leyla Cabaux.<\/p>\n","protected":false},"excerpt":{"rendered":"<p>&nbsp; Pour r\u00e9server, suivez ce lien : https:\/\/www.eventbrite.fr\/e\/billets-seance-de-dedicaces-avec-safia-kessas-153335648051?aff=ebdssbdestsearch La journaliste Safia Kesass a lance\u0301 en 2019 \u00ab Les Grenades \u00bb,\u00a0un projet web qui de\u0301goupille l\u2019actualite\u0301 concernant les genres et les femmes. Nous sommes heureuses de l&#8217;accueillir pour une s\u00e9ance de d\u00e9dicaces de son livre Balance ta grenade &#8211; un regard f\u00e9ministe qui d\u00e9goupille la soci\u00e9t\u00e9 &hellip; <a href=\"https:\/\/tulitu.eu\/wp\/?p=1967\" class=\"more-link\">Continue reading <span class=\"screen-reader-text\">Vendredi 28 mai de 18h \u00e0 19h30 &#8211; S\u00e9ance de d\u00e9dicaces avec Safia Kessas<\/span> <span class=\"meta-nav\">&rarr;<\/span><\/a><\/p>\n","protected":false},"author":1,"featured_media":0,"comment_status":"open","ping_status":"open","sticky":false,"template":"","format":"standard","meta":{"footnotes":""},"categories":[2],"tags":[],"class_list":["post-1967","post","type-post","status-publish","format-standard","hentry","category-agenda"],"_links":{"self":[{"href":"https:\/\/tulitu.eu\/wp\/index.php?rest_route=\/wp\/v2\/posts\/1967","targetHints":{"allow":["GET"]}}],"collection":[{"href":"https:\/\/tulitu.eu\/wp\/index.php?rest_route=\/wp\/v2\/posts"}],"about":[{"href":"https:\/\/tulitu.eu\/wp\/index.php?rest_route=\/wp\/v2\/types\/post"}],"author":[{"embeddable":true,"href":"https:\/\/tulitu.eu\/wp\/index.php?rest_route=\/wp\/v2\/users\/1"}],"replies":[{"embeddable":true,"href":"https:\/\/tulitu.eu\/wp\/index.php?rest_route=%2Fwp%2Fv2%2Fcomments&post=1967"}],"version-history":[{"count":1,"href":"https:\/\/tulitu.eu\/wp\/index.php?rest_route=\/wp\/v2\/posts\/1967\/revisions"}],"predecessor-version":[{"id":1969,"href":"https:\/\/tulitu.eu\/wp\/index.php?rest_route=\/wp\/v2\/posts\/1967\/revisions\/1969"}],"wp:attachment":[{"href":"https:\/\/tulitu.eu\/wp\/index.php?rest_route=%2Fwp%2Fv2%2Fmedia&parent=1967"}],"wp:term":[{"taxonomy":"category","embeddable":true,"href":"https:\/\/tulitu.eu\/wp\/index.php?rest_route=%2Fwp%2Fv2%2Fcategories&post=1967"},{"taxonomy":"post_tag","embeddable":true,"href":"https:\/\/tulitu.eu\/wp\/index.php?rest_route=%2Fwp%2Fv2%2Ftags&post=1967"}],"curies":[{"name":"wp","href":"https:\/\/api.w.org\/{rel}","templated":true}]}}