{"id":1957,"date":"2021-04-26T16:33:24","date_gmt":"2021-04-26T16:33:24","guid":{"rendered":"http:\/\/tulitu.eu\/wp\/?p=1957"},"modified":"2021-04-26T16:33:24","modified_gmt":"2021-04-26T16:33:24","slug":"samedi-15-mai-de-18h-a-20h-seance-de-dedicaces-avec-christine-aventin","status":"publish","type":"post","link":"https:\/\/tulitu.eu\/wp\/?p=1957","title":{"rendered":"Samedi 15 mai de 18h \u00e0 20h S\u00e9ance de d\u00e9dicaces avec Christine Aventin"},"content":{"rendered":"<p><a href=\"http:\/\/tulitu.eu\/wp\/wp-content\/uploads\/2021\/04\/AVENTIN-Christine.jpg\"><img loading=\"lazy\" decoding=\"async\" class=\"alignnone size-medium wp-image-1959\" src=\"http:\/\/tulitu.eu\/wp\/wp-content\/uploads\/2021\/04\/AVENTIN-Christine-300x300.jpg\" alt=\"\" width=\"300\" height=\"300\" srcset=\"https:\/\/tulitu.eu\/wp\/wp-content\/uploads\/2021\/04\/AVENTIN-Christine-300x300.jpg 300w, https:\/\/tulitu.eu\/wp\/wp-content\/uploads\/2021\/04\/AVENTIN-Christine-150x150.jpg 150w, https:\/\/tulitu.eu\/wp\/wp-content\/uploads\/2021\/04\/AVENTIN-Christine.jpg 400w\" sizes=\"auto, (max-width: 300px) 100vw, 300px\" \/><\/a><a href=\"http:\/\/tulitu.eu\/wp\/wp-content\/uploads\/2021\/04\/feminispunk.jpg\"><img loading=\"lazy\" decoding=\"async\" class=\"alignnone size-medium wp-image-1960\" src=\"http:\/\/tulitu.eu\/wp\/wp-content\/uploads\/2021\/04\/feminispunk-205x300.jpg\" alt=\"\" width=\"205\" height=\"300\" srcset=\"https:\/\/tulitu.eu\/wp\/wp-content\/uploads\/2021\/04\/feminispunk-205x300.jpg 205w, https:\/\/tulitu.eu\/wp\/wp-content\/uploads\/2021\/04\/feminispunk-768x1125.jpg 768w, https:\/\/tulitu.eu\/wp\/wp-content\/uploads\/2021\/04\/feminispunk-699x1024.jpg 699w, https:\/\/tulitu.eu\/wp\/wp-content\/uploads\/2021\/04\/feminispunk.jpg 1653w\" sizes=\"auto, (max-width: 205px) 100vw, 205px\" \/><\/a><\/p>\n<p>Christine Aventin est une autrice belge f\u00e9ministe et engag\u00e9e.<\/p>\n<p>Elle viendra d\u00e9dicacer ses deux nouveaut\u00e9s dans le cadre de la Foire du Livre de Bruxelles :\u00a0<em>F\u00e9miniSpunk<\/em>\u00a0paru aux Editions Zones et\u00a0<em>Scalp<\/em> paru dans la collection If de l&#8217;Arbre \u00e0 paroles.<\/p>\n<p><em>F\u00e9miniSpunk<\/em>\u00a0 est &#8220;une fabulation \u00e0 la Fifi Brindacier. Elle raconte l\u2019histoire, souterraine et infectieuse, des petites filles qui ont choisi d\u2019\u00eatre pirates plut\u00f4t que de devenir des dames bien \u00e9lev\u00e9es. D\u00e9sirantes ind\u00e9sirables, nous sommes des passeuses de contrebande. Telle est notre fiction politique, le r\u00e9cit qui permet \u00e0 l\u2019\u00e9meute int\u00e9rieure de transformer le monde en terrain de jeu. Aux logiques de pouvoir, nous opposons le rapport de forces. \u00c0 la cooptation, nous pr\u00e9f\u00e9rons la contagion. Aux identit\u00e9s, nous r\u00e9pondons par des affinit\u00e9s. Entre une d\u00e9sexualisation militante et une pansexualit\u00e9 des azimuts, ici, on appelle \u00ab fille \u00bb toute personne qui dynamite les cat\u00e9gories de l\u2019\u00e9talon universel : meuf, queer, butch, trans, queen, drag, fem, witch, sista, freak\u2026 Ici, rien n\u2019est vrai, mais tout est possible. Contre la mascarade f\u00e9ministe blanche n\u00e9olib\u00e9rale,\u00a0<em>F\u00e9miniSpunk<\/em>\u00a0mise sur la porosit\u00e9 des imaginaires, la complicit\u00e9 des intersections, et fabule une th\u00e9orie du pied de nez. Irr\u00e9cup\u00e9rables !&#8221; dixit ssa<\/p>\n<p>S<em>calp \u00a0<\/em>est\u00a0un recueil de po\u00e8mes autobiographiques.<\/p>\n<p><strong>Merci de confirmer votre pr\u00e9sence par courriel \u00e0 l\u2019adresse librairie@tulitu.eu<\/strong><\/p>\n<p>&nbsp;<\/p>\n<p><a href=\"http:\/\/tulitu.eu\/wp\/wp-content\/uploads\/2021\/04\/FLB-Logo_RVB_RED.png\"><img loading=\"lazy\" decoding=\"async\" class=\"alignnone size-medium wp-image-1925\" src=\"http:\/\/tulitu.eu\/wp\/wp-content\/uploads\/2021\/04\/FLB-Logo_RVB_RED-300x140.png\" alt=\"\" width=\"300\" height=\"140\" srcset=\"https:\/\/tulitu.eu\/wp\/wp-content\/uploads\/2021\/04\/FLB-Logo_RVB_RED-300x140.png 300w, https:\/\/tulitu.eu\/wp\/wp-content\/uploads\/2021\/04\/FLB-Logo_RVB_RED.png 596w\" sizes=\"auto, (max-width: 300px) 100vw, 300px\" \/><\/a><\/p>\n","protected":false},"excerpt":{"rendered":"<p>Christine Aventin est une autrice belge f\u00e9ministe et engag\u00e9e. Elle viendra d\u00e9dicacer ses deux nouveaut\u00e9s dans le cadre de la Foire du Livre de Bruxelles :\u00a0F\u00e9miniSpunk\u00a0paru aux Editions Zones et\u00a0Scalp paru dans la collection If de l&#8217;Arbre \u00e0 paroles. F\u00e9miniSpunk\u00a0 est &#8220;une fabulation \u00e0 la Fifi Brindacier. Elle raconte l\u2019histoire, souterraine et infectieuse, des petites &hellip; <a href=\"https:\/\/tulitu.eu\/wp\/?p=1957\" class=\"more-link\">Continue reading <span class=\"screen-reader-text\">Samedi 15 mai de 18h \u00e0 20h S\u00e9ance de d\u00e9dicaces avec Christine Aventin<\/span> <span class=\"meta-nav\">&rarr;<\/span><\/a><\/p>\n","protected":false},"author":1,"featured_media":0,"comment_status":"open","ping_status":"open","sticky":false,"template":"","format":"standard","meta":{"footnotes":""},"categories":[2],"tags":[],"class_list":["post-1957","post","type-post","status-publish","format-standard","hentry","category-agenda"],"_links":{"self":[{"href":"https:\/\/tulitu.eu\/wp\/index.php?rest_route=\/wp\/v2\/posts\/1957","targetHints":{"allow":["GET"]}}],"collection":[{"href":"https:\/\/tulitu.eu\/wp\/index.php?rest_route=\/wp\/v2\/posts"}],"about":[{"href":"https:\/\/tulitu.eu\/wp\/index.php?rest_route=\/wp\/v2\/types\/post"}],"author":[{"embeddable":true,"href":"https:\/\/tulitu.eu\/wp\/index.php?rest_route=\/wp\/v2\/users\/1"}],"replies":[{"embeddable":true,"href":"https:\/\/tulitu.eu\/wp\/index.php?rest_route=%2Fwp%2Fv2%2Fcomments&post=1957"}],"version-history":[{"count":4,"href":"https:\/\/tulitu.eu\/wp\/index.php?rest_route=\/wp\/v2\/posts\/1957\/revisions"}],"predecessor-version":[{"id":1963,"href":"https:\/\/tulitu.eu\/wp\/index.php?rest_route=\/wp\/v2\/posts\/1957\/revisions\/1963"}],"wp:attachment":[{"href":"https:\/\/tulitu.eu\/wp\/index.php?rest_route=%2Fwp%2Fv2%2Fmedia&parent=1957"}],"wp:term":[{"taxonomy":"category","embeddable":true,"href":"https:\/\/tulitu.eu\/wp\/index.php?rest_route=%2Fwp%2Fv2%2Fcategories&post=1957"},{"taxonomy":"post_tag","embeddable":true,"href":"https:\/\/tulitu.eu\/wp\/index.php?rest_route=%2Fwp%2Fv2%2Ftags&post=1957"}],"curies":[{"name":"wp","href":"https:\/\/api.w.org\/{rel}","templated":true}]}}