{"id":1951,"date":"2021-04-26T16:17:49","date_gmt":"2021-04-26T16:17:49","guid":{"rendered":"http:\/\/tulitu.eu\/wp\/?p=1951"},"modified":"2021-04-26T16:17:49","modified_gmt":"2021-04-26T16:17:49","slug":"vendredi-14-mai-de-19h30-a-21h-seance-de-dedicaces-avec-florence-dupre-la-tour","status":"publish","type":"post","link":"https:\/\/tulitu.eu\/wp\/?p=1951","title":{"rendered":"Vendredi 14 mai de 19h30 \u00e0 21h &#8211; S\u00e9ance de d\u00e9dicaces avec Florence Dupr\u00e9 La Tour"},"content":{"rendered":"<p><a href=\"http:\/\/tulitu.eu\/wp\/wp-content\/uploads\/2021\/04\/dupre-la-tour-florence.jpg\"><img loading=\"lazy\" decoding=\"async\" class=\"alignnone size-medium wp-image-1954\" src=\"http:\/\/tulitu.eu\/wp\/wp-content\/uploads\/2021\/04\/dupre-la-tour-florence-228x300.jpg\" alt=\"\" width=\"228\" height=\"300\" srcset=\"https:\/\/tulitu.eu\/wp\/wp-content\/uploads\/2021\/04\/dupre-la-tour-florence-228x300.jpg 228w, https:\/\/tulitu.eu\/wp\/wp-content\/uploads\/2021\/04\/dupre-la-tour-florence.jpg 300w\" sizes=\"auto, (max-width: 228px) 100vw, 228px\" \/><\/a><a href=\"http:\/\/tulitu.eu\/wp\/wp-content\/uploads\/2021\/04\/florencedupr\u00e9.jpg\"><img loading=\"lazy\" decoding=\"async\" class=\"alignnone size-medium wp-image-1953\" src=\"http:\/\/tulitu.eu\/wp\/wp-content\/uploads\/2021\/04\/florencedupr\u00e9-221x300.jpg\" alt=\"\" width=\"221\" height=\"300\" srcset=\"https:\/\/tulitu.eu\/wp\/wp-content\/uploads\/2021\/04\/florencedupr\u00e9-221x300.jpg 221w, https:\/\/tulitu.eu\/wp\/wp-content\/uploads\/2021\/04\/florencedupr\u00e9-768x1043.jpg 768w, https:\/\/tulitu.eu\/wp\/wp-content\/uploads\/2021\/04\/florencedupr\u00e9-754x1024.jpg 754w\" sizes=\"auto, (max-width: 221px) 100vw, 221px\" \/><\/a><\/p>\n<div id=\"album-details-tab0\" class=\"tab-panel is-active\">\n<div class=\"tab-panel__wrapper color-grey-4 fs-16 lh-high\">\n<div class=\"clearfix text-formatted field field--name-field-description field--type-text-long field--label-hidden field__item\">\n<p>Bienvenue \u00a0chez TULITU \u00e0 Florence Dor\u00e9 La Tour pour une s\u00e9ance de d\u00e9dicaces \u00e0 \u00a0l&#8217;occasion de la Foire du Livre de Bruxelles.<\/p>\n<p>Avec le premier tome de son roman graphique\u00a0<em>Pucelle\u00a0<\/em>(Dargaud), Florence Dupr\u00e9 La Tour nous raconte, avec un humour grin\u00e7ant, son enfance dans une famille o\u00f9 la sexualit\u00e9 est un sujet tabou.<\/p>\n<p>Voici les mots de son \u00e9diteur \u00e0 propos du deuxi\u00e8me volume de <em>Pucelle : &#8220;<\/em>Florence quitte l&#8217;enfance pour l&#8217;adolescence, et avec sa patte tragi-comique, elle raconte les changements physiques et ses rapports ambivalents \u00e0 sa sexualit\u00e9 naissante. \u00c0 mesure que son corps change, c&#8217;est son regard sur son \u00e9ducation, sur son rapport aux autres qui \u00e9voluent, et surtout les Hommes qui l&#8217;attirent tout en la plongeant dans une ab\u00eeme d&#8217;angoisse. Que faire de toutes ces pulsions interdites\u00a0?\u00a0Et, \u00e0 mesure que Florence grandit, ce sont les adultes autour d&#8217;elle qui semblent rapetisser.&#8221;<\/p>\n<\/div>\n<\/div>\n<\/div>\n<p><strong>Merci de confirmer votre pr\u00e9sence par courriel \u00e0 l\u2019adresse librairie@tulitu.eu<\/strong><\/p>\n<p>&nbsp;<\/p>\n<p><a href=\"http:\/\/tulitu.eu\/wp\/wp-content\/uploads\/2021\/04\/FLB-Logo_RVB_RED.png\"><img loading=\"lazy\" decoding=\"async\" class=\"alignnone size-medium wp-image-1925\" src=\"http:\/\/tulitu.eu\/wp\/wp-content\/uploads\/2021\/04\/FLB-Logo_RVB_RED-300x140.png\" alt=\"\" width=\"300\" height=\"140\" srcset=\"https:\/\/tulitu.eu\/wp\/wp-content\/uploads\/2021\/04\/FLB-Logo_RVB_RED-300x140.png 300w, https:\/\/tulitu.eu\/wp\/wp-content\/uploads\/2021\/04\/FLB-Logo_RVB_RED.png 596w\" sizes=\"auto, (max-width: 300px) 100vw, 300px\" \/><\/a><\/p>\n","protected":false},"excerpt":{"rendered":"<p>Bienvenue \u00a0chez TULITU \u00e0 Florence Dor\u00e9 La Tour pour une s\u00e9ance de d\u00e9dicaces \u00e0 \u00a0l&#8217;occasion de la Foire du Livre de Bruxelles. Avec le premier tome de son roman graphique\u00a0Pucelle\u00a0(Dargaud), Florence Dupr\u00e9 La Tour nous raconte, avec un humour grin\u00e7ant, son enfance dans une famille o\u00f9 la sexualit\u00e9 est un sujet tabou. Voici les mots &hellip; <a href=\"https:\/\/tulitu.eu\/wp\/?p=1951\" class=\"more-link\">Continue reading <span class=\"screen-reader-text\">Vendredi 14 mai de 19h30 \u00e0 21h &#8211; S\u00e9ance de d\u00e9dicaces avec Florence Dupr\u00e9 La Tour<\/span> <span class=\"meta-nav\">&rarr;<\/span><\/a><\/p>\n","protected":false},"author":1,"featured_media":0,"comment_status":"open","ping_status":"open","sticky":false,"template":"","format":"standard","meta":{"footnotes":""},"categories":[2],"tags":[],"class_list":["post-1951","post","type-post","status-publish","format-standard","hentry","category-agenda"],"_links":{"self":[{"href":"https:\/\/tulitu.eu\/wp\/index.php?rest_route=\/wp\/v2\/posts\/1951","targetHints":{"allow":["GET"]}}],"collection":[{"href":"https:\/\/tulitu.eu\/wp\/index.php?rest_route=\/wp\/v2\/posts"}],"about":[{"href":"https:\/\/tulitu.eu\/wp\/index.php?rest_route=\/wp\/v2\/types\/post"}],"author":[{"embeddable":true,"href":"https:\/\/tulitu.eu\/wp\/index.php?rest_route=\/wp\/v2\/users\/1"}],"replies":[{"embeddable":true,"href":"https:\/\/tulitu.eu\/wp\/index.php?rest_route=%2Fwp%2Fv2%2Fcomments&post=1951"}],"version-history":[{"count":3,"href":"https:\/\/tulitu.eu\/wp\/index.php?rest_route=\/wp\/v2\/posts\/1951\/revisions"}],"predecessor-version":[{"id":1956,"href":"https:\/\/tulitu.eu\/wp\/index.php?rest_route=\/wp\/v2\/posts\/1951\/revisions\/1956"}],"wp:attachment":[{"href":"https:\/\/tulitu.eu\/wp\/index.php?rest_route=%2Fwp%2Fv2%2Fmedia&parent=1951"}],"wp:term":[{"taxonomy":"category","embeddable":true,"href":"https:\/\/tulitu.eu\/wp\/index.php?rest_route=%2Fwp%2Fv2%2Fcategories&post=1951"},{"taxonomy":"post_tag","embeddable":true,"href":"https:\/\/tulitu.eu\/wp\/index.php?rest_route=%2Fwp%2Fv2%2Ftags&post=1951"}],"curies":[{"name":"wp","href":"https:\/\/api.w.org\/{rel}","templated":true}]}}