{"id":1935,"date":"2021-04-26T11:17:49","date_gmt":"2021-04-26T11:17:49","guid":{"rendered":"http:\/\/tulitu.eu\/wp\/?p=1935"},"modified":"2021-04-26T15:54:25","modified_gmt":"2021-04-26T15:54:25","slug":"samedi-8-mai-de-18h30-a-20h30-seance-de-dedicaces-avec-clementine-melois","status":"publish","type":"post","link":"https:\/\/tulitu.eu\/wp\/?p=1935","title":{"rendered":"Samedi 8 mai de 18h30 \u00e0 20h30 &#8211; S\u00e9ance de d\u00e9dicaces avec Cl\u00e9mentine M\u00e9lois"},"content":{"rendered":"<p><a href=\"http:\/\/tulitu.eu\/wp\/wp-content\/uploads\/2021\/04\/melois.jpg\"><img loading=\"lazy\" decoding=\"async\" class=\"alignnone size-medium wp-image-1939\" src=\"http:\/\/tulitu.eu\/wp\/wp-content\/uploads\/2021\/04\/melois-236x300.jpg\" alt=\"\" width=\"236\" height=\"300\" srcset=\"https:\/\/tulitu.eu\/wp\/wp-content\/uploads\/2021\/04\/melois-236x300.jpg 236w, https:\/\/tulitu.eu\/wp\/wp-content\/uploads\/2021\/04\/melois.jpg 526w\" sizes=\"auto, (max-width: 236px) 100vw, 236px\" \/><\/a><a href=\"http:\/\/tulitu.eu\/wp\/wp-content\/uploads\/2021\/04\/Les-Six-Fonctions-du-langage.jpg\"><img loading=\"lazy\" decoding=\"async\" class=\"alignnone size-medium wp-image-1940\" src=\"http:\/\/tulitu.eu\/wp\/wp-content\/uploads\/2021\/04\/Les-Six-Fonctions-du-langage-300x300.jpg\" alt=\"\" width=\"300\" height=\"300\" srcset=\"https:\/\/tulitu.eu\/wp\/wp-content\/uploads\/2021\/04\/Les-Six-Fonctions-du-langage-300x300.jpg 300w, https:\/\/tulitu.eu\/wp\/wp-content\/uploads\/2021\/04\/Les-Six-Fonctions-du-langage-150x150.jpg 150w, https:\/\/tulitu.eu\/wp\/wp-content\/uploads\/2021\/04\/Les-Six-Fonctions-du-langage.jpg 340w\" sizes=\"auto, (max-width: 300px) 100vw, 300px\" \/><\/a><\/p>\n<p>Gr\u00e2ce \u00e0 la Foire du Livre de Bruxelles, nous avons la chance d&#8217;accueillir la s\u00e9ance de d\u00e9dicace avec Cl\u00e9mentine M\u00e9lois.<\/p>\n<p>Cl\u00e9mentine M\u00e9lois a fait les Beaux Arts et s\u2019est beaucoup adonn\u00e9e au pastiche de couvertures de livre. Elle est membre de l\u2019Oulipo (Ouvroir de Litt\u00e9rature Potentielle) dont Herv\u00e9 Le Tellier est le pr\u00e9sident<\/p>\n<p><em>Les six fonctions du langage<\/em> (Seuil), son dernier livre, est un roman-photo parodique, qui se moque de nos tics de langage.<\/p>\n<p><strong>Merci de confirmer votre pr\u00e9sence par courriel \u00e0 l\u2019adresse librairie@tulitu.eu<\/strong><\/p>\n<p>&nbsp;<\/p>\n<p>&nbsp;<\/p>\n<p><a href=\"http:\/\/tulitu.eu\/wp\/wp-content\/uploads\/2021\/04\/FLB-Logo_RVB_RED.png\"><img loading=\"lazy\" decoding=\"async\" class=\"alignnone size-medium wp-image-1925\" src=\"http:\/\/tulitu.eu\/wp\/wp-content\/uploads\/2021\/04\/FLB-Logo_RVB_RED-300x140.png\" alt=\"\" width=\"300\" height=\"140\" srcset=\"https:\/\/tulitu.eu\/wp\/wp-content\/uploads\/2021\/04\/FLB-Logo_RVB_RED-300x140.png 300w, https:\/\/tulitu.eu\/wp\/wp-content\/uploads\/2021\/04\/FLB-Logo_RVB_RED.png 596w\" sizes=\"auto, (max-width: 300px) 100vw, 300px\" \/><\/a><\/p>\n<p>&nbsp;<\/p>\n","protected":false},"excerpt":{"rendered":"<p>Gr\u00e2ce \u00e0 la Foire du Livre de Bruxelles, nous avons la chance d&#8217;accueillir la s\u00e9ance de d\u00e9dicace avec Cl\u00e9mentine M\u00e9lois. Cl\u00e9mentine M\u00e9lois a fait les Beaux Arts et s\u2019est beaucoup adonn\u00e9e au pastiche de couvertures de livre. Elle est membre de l\u2019Oulipo (Ouvroir de Litt\u00e9rature Potentielle) dont Herv\u00e9 Le Tellier est le pr\u00e9sident Les six &hellip; <a href=\"https:\/\/tulitu.eu\/wp\/?p=1935\" class=\"more-link\">Continue reading <span class=\"screen-reader-text\">Samedi 8 mai de 18h30 \u00e0 20h30 &#8211; S\u00e9ance de d\u00e9dicaces avec Cl\u00e9mentine M\u00e9lois<\/span> <span class=\"meta-nav\">&rarr;<\/span><\/a><\/p>\n","protected":false},"author":1,"featured_media":0,"comment_status":"open","ping_status":"open","sticky":false,"template":"","format":"standard","meta":{"footnotes":""},"categories":[2],"tags":[],"class_list":["post-1935","post","type-post","status-publish","format-standard","hentry","category-agenda"],"_links":{"self":[{"href":"https:\/\/tulitu.eu\/wp\/index.php?rest_route=\/wp\/v2\/posts\/1935","targetHints":{"allow":["GET"]}}],"collection":[{"href":"https:\/\/tulitu.eu\/wp\/index.php?rest_route=\/wp\/v2\/posts"}],"about":[{"href":"https:\/\/tulitu.eu\/wp\/index.php?rest_route=\/wp\/v2\/types\/post"}],"author":[{"embeddable":true,"href":"https:\/\/tulitu.eu\/wp\/index.php?rest_route=\/wp\/v2\/users\/1"}],"replies":[{"embeddable":true,"href":"https:\/\/tulitu.eu\/wp\/index.php?rest_route=%2Fwp%2Fv2%2Fcomments&post=1935"}],"version-history":[{"count":5,"href":"https:\/\/tulitu.eu\/wp\/index.php?rest_route=\/wp\/v2\/posts\/1935\/revisions"}],"predecessor-version":[{"id":1948,"href":"https:\/\/tulitu.eu\/wp\/index.php?rest_route=\/wp\/v2\/posts\/1935\/revisions\/1948"}],"wp:attachment":[{"href":"https:\/\/tulitu.eu\/wp\/index.php?rest_route=%2Fwp%2Fv2%2Fmedia&parent=1935"}],"wp:term":[{"taxonomy":"category","embeddable":true,"href":"https:\/\/tulitu.eu\/wp\/index.php?rest_route=%2Fwp%2Fv2%2Fcategories&post=1935"},{"taxonomy":"post_tag","embeddable":true,"href":"https:\/\/tulitu.eu\/wp\/index.php?rest_route=%2Fwp%2Fv2%2Ftags&post=1935"}],"curies":[{"name":"wp","href":"https:\/\/api.w.org\/{rel}","templated":true}]}}