{"id":1931,"date":"2021-04-26T11:01:32","date_gmt":"2021-04-26T11:01:32","guid":{"rendered":"http:\/\/tulitu.eu\/wp\/?p=1931"},"modified":"2021-05-03T14:53:14","modified_gmt":"2021-05-03T14:53:14","slug":"samedi-8-mai-de-15h-a-18h-seance-de-dedicaces-avec-negar-djavadi","status":"publish","type":"post","link":"https:\/\/tulitu.eu\/wp\/?p=1931","title":{"rendered":"Samedi 8 mai de 15h \u00e0 18h S\u00e9ance de d\u00e9dicaces avec Negar Djavadi"},"content":{"rendered":"<figure id=\"attachment_1932\" aria-describedby=\"caption-attachment-1932\" style=\"width: 300px\" class=\"wp-caption alignnone\"><a href=\"http:\/\/tulitu.eu\/wp\/wp-content\/uploads\/2021\/04\/N\u00e9gar_Djavadi_de15cc8bb0fb1ac0ad3fa8c4403adf57.jpg\"><img loading=\"lazy\" decoding=\"async\" class=\"size-medium wp-image-1932\" src=\"http:\/\/tulitu.eu\/wp\/wp-content\/uploads\/2021\/04\/N\u00e9gar_Djavadi_de15cc8bb0fb1ac0ad3fa8c4403adf57-300x300.jpg\" alt=\"\" width=\"300\" height=\"300\" srcset=\"https:\/\/tulitu.eu\/wp\/wp-content\/uploads\/2021\/04\/N\u00e9gar_Djavadi_de15cc8bb0fb1ac0ad3fa8c4403adf57-300x300.jpg 300w, https:\/\/tulitu.eu\/wp\/wp-content\/uploads\/2021\/04\/N\u00e9gar_Djavadi_de15cc8bb0fb1ac0ad3fa8c4403adf57-150x150.jpg 150w, https:\/\/tulitu.eu\/wp\/wp-content\/uploads\/2021\/04\/N\u00e9gar_Djavadi_de15cc8bb0fb1ac0ad3fa8c4403adf57-768x768.jpg 768w, https:\/\/tulitu.eu\/wp\/wp-content\/uploads\/2021\/04\/N\u00e9gar_Djavadi_de15cc8bb0fb1ac0ad3fa8c4403adf57.jpg 800w\" sizes=\"auto, (max-width: 300px) 100vw, 300px\" \/><\/a><figcaption id=\"caption-attachment-1932\" class=\"wp-caption-text\">\u00a9Philippe MATSAS\/Leextra\/\u00c9ditions Liana Levi<\/figcaption><\/figure>\n<p>Dans le cadre de la Foire du Livre de Bruxelles, nous sommes tr\u00e8s heureuses d&#8217;accueillir l&#8217;autrice Negar Djavadi pour une s\u00e9ance de d\u00e9dicaces.<\/p>\n<p>Son premier roman <em>D\u00e9sorientale<\/em>\u00a0(Liana L\u00e9vi)nous avait enchant\u00e9es gr\u00e2ce \u00e0 sa fresque familiale d&#8217;une famille iranienne r\u00e9fugi\u00e9e en France.<\/p>\n<p>Son deuxi\u00e8me roman <em>Ar\u00e8ne <\/em>(Liana L\u00e9vi) est un\u00a0thriller urbain qui nous emm\u00e8ne dans le Paris des rejet\u00e9s.<\/p>\n<p><strong>Merci de confirmer votre pr\u00e9sence par courriel \u00e0 l\u2019adresse librairie@tulitu.eu<\/strong><\/p>\n<p>&nbsp;<\/p>\n<p>&nbsp;<\/p>\n<p>&nbsp;<\/p>\n<p>&nbsp;<\/p>\n<p><a href=\"http:\/\/tulitu.eu\/wp\/wp-content\/uploads\/2021\/04\/FLB-Logo_RVB_RED.png\"><img loading=\"lazy\" decoding=\"async\" class=\"alignnone size-medium wp-image-1925\" src=\"http:\/\/tulitu.eu\/wp\/wp-content\/uploads\/2021\/04\/FLB-Logo_RVB_RED-300x140.png\" alt=\"\" width=\"300\" height=\"140\" srcset=\"https:\/\/tulitu.eu\/wp\/wp-content\/uploads\/2021\/04\/FLB-Logo_RVB_RED-300x140.png 300w, https:\/\/tulitu.eu\/wp\/wp-content\/uploads\/2021\/04\/FLB-Logo_RVB_RED.png 596w\" sizes=\"auto, (max-width: 300px) 100vw, 300px\" \/><\/a><\/p>\n","protected":false},"excerpt":{"rendered":"<p>Dans le cadre de la Foire du Livre de Bruxelles, nous sommes tr\u00e8s heureuses d&#8217;accueillir l&#8217;autrice Negar Djavadi pour une s\u00e9ance de d\u00e9dicaces. Son premier roman D\u00e9sorientale\u00a0(Liana L\u00e9vi)nous avait enchant\u00e9es gr\u00e2ce \u00e0 sa fresque familiale d&#8217;une famille iranienne r\u00e9fugi\u00e9e en France. Son deuxi\u00e8me roman Ar\u00e8ne (Liana L\u00e9vi) est un\u00a0thriller urbain qui nous emm\u00e8ne dans le &hellip; <a href=\"https:\/\/tulitu.eu\/wp\/?p=1931\" class=\"more-link\">Continue reading <span class=\"screen-reader-text\">Samedi 8 mai de 15h \u00e0 18h S\u00e9ance de d\u00e9dicaces avec Negar Djavadi<\/span> <span class=\"meta-nav\">&rarr;<\/span><\/a><\/p>\n","protected":false},"author":1,"featured_media":0,"comment_status":"open","ping_status":"open","sticky":false,"template":"","format":"standard","meta":{"footnotes":""},"categories":[2],"tags":[],"class_list":["post-1931","post","type-post","status-publish","format-standard","hentry","category-agenda"],"_links":{"self":[{"href":"https:\/\/tulitu.eu\/wp\/index.php?rest_route=\/wp\/v2\/posts\/1931","targetHints":{"allow":["GET"]}}],"collection":[{"href":"https:\/\/tulitu.eu\/wp\/index.php?rest_route=\/wp\/v2\/posts"}],"about":[{"href":"https:\/\/tulitu.eu\/wp\/index.php?rest_route=\/wp\/v2\/types\/post"}],"author":[{"embeddable":true,"href":"https:\/\/tulitu.eu\/wp\/index.php?rest_route=\/wp\/v2\/users\/1"}],"replies":[{"embeddable":true,"href":"https:\/\/tulitu.eu\/wp\/index.php?rest_route=%2Fwp%2Fv2%2Fcomments&post=1931"}],"version-history":[{"count":5,"href":"https:\/\/tulitu.eu\/wp\/index.php?rest_route=\/wp\/v2\/posts\/1931\/revisions"}],"predecessor-version":[{"id":1966,"href":"https:\/\/tulitu.eu\/wp\/index.php?rest_route=\/wp\/v2\/posts\/1931\/revisions\/1966"}],"wp:attachment":[{"href":"https:\/\/tulitu.eu\/wp\/index.php?rest_route=%2Fwp%2Fv2%2Fmedia&parent=1931"}],"wp:term":[{"taxonomy":"category","embeddable":true,"href":"https:\/\/tulitu.eu\/wp\/index.php?rest_route=%2Fwp%2Fv2%2Fcategories&post=1931"},{"taxonomy":"post_tag","embeddable":true,"href":"https:\/\/tulitu.eu\/wp\/index.php?rest_route=%2Fwp%2Fv2%2Ftags&post=1931"}],"curies":[{"name":"wp","href":"https:\/\/api.w.org\/{rel}","templated":true}]}}