{"id":1919,"date":"2021-04-14T08:45:15","date_gmt":"2021-04-14T08:45:15","guid":{"rendered":"http:\/\/tulitu.eu\/wp\/?p=1919"},"modified":"2021-04-14T08:45:15","modified_gmt":"2021-04-14T08:45:15","slug":"samedi-24-avril-de-11h-a-19h-fete-des-librairies-independantes","status":"publish","type":"post","link":"https:\/\/tulitu.eu\/wp\/?p=1919","title":{"rendered":"Samedi 24 avril de 11h \u00e0 19h &#8211; F\u00eate des librairies ind\u00e9pendantes"},"content":{"rendered":"<div data-contents=\"true\">\n<div class=\"\" data-block=\"true\" data-editor=\"en439\" data-offset-key=\"a7beq-0-0\">\n<div data-offset-key=\"a7beq-0-0\"><a href=\"http:\/\/tulitu.eu\/wp\/wp-content\/uploads\/2021\/04\/fetelibrairie_2021.jpg\"><img loading=\"lazy\" decoding=\"async\" class=\"alignnone size-full wp-image-1920\" src=\"http:\/\/tulitu.eu\/wp\/wp-content\/uploads\/2021\/04\/fetelibrairie_2021.jpg\" alt=\"\" width=\"851\" height=\"315\" srcset=\"https:\/\/tulitu.eu\/wp\/wp-content\/uploads\/2021\/04\/fetelibrairie_2021.jpg 851w, https:\/\/tulitu.eu\/wp\/wp-content\/uploads\/2021\/04\/fetelibrairie_2021-300x111.jpg 300w, https:\/\/tulitu.eu\/wp\/wp-content\/uploads\/2021\/04\/fetelibrairie_2021-768x284.jpg 768w\" sizes=\"auto, (max-width: 851px) 100vw, 851px\" \/><\/a><\/div>\n<div data-offset-key=\"a7beq-0-0\"><\/div>\n<div class=\"_1mf _1mj\" data-offset-key=\"5029v-0-0\"><span data-offset-key=\"5029v-0-0\">Depuis 2011, une quarantaine de librairies ind\u00e9pendantes en Belgique francophone emboite le pas \u00e0 leurs coll\u00e8gues fran\u00e7ais, luxembourgeois et suisses pour f\u00eater les auteur.e.s, les livres, la librairie !<\/span><\/div>\n<div data-offset-key=\"5029v-0-0\"><\/div>\n<\/div>\n<div class=\"\" data-block=\"true\" data-editor=\"en439\" data-offset-key=\"fj4bs-0-0\">\n<div class=\"_1mf _1mj\" data-offset-key=\"ch548-0-0\"><span data-offset-key=\"ch548-0-0\">C\u2019est \u00e0 chaque fois une belle journ\u00e9e au cours de laquelle les libraires offrent \u00e0 leurs clients un livre d\u00e9di\u00e9 \u00e0 cette journ\u00e9e!<\/span><\/div>\n<\/div>\n<div data-offset-key=\"ch548-0-0\"><a href=\"http:\/\/tulitu.eu\/wp\/wp-content\/uploads\/2021\/04\/fetelibrairie_2021_livre.jpg\"><img loading=\"lazy\" decoding=\"async\" class=\"alignnone size-medium wp-image-1921\" src=\"http:\/\/tulitu.eu\/wp\/wp-content\/uploads\/2021\/04\/fetelibrairie_2021_livre-300x300.jpg\" alt=\"\" width=\"300\" height=\"300\" srcset=\"https:\/\/tulitu.eu\/wp\/wp-content\/uploads\/2021\/04\/fetelibrairie_2021_livre-300x300.jpg 300w, https:\/\/tulitu.eu\/wp\/wp-content\/uploads\/2021\/04\/fetelibrairie_2021_livre-150x150.jpg 150w, https:\/\/tulitu.eu\/wp\/wp-content\/uploads\/2021\/04\/fetelibrairie_2021_livre-768x768.jpg 768w, https:\/\/tulitu.eu\/wp\/wp-content\/uploads\/2021\/04\/fetelibrairie_2021_livre-1024x1024.jpg 1024w, https:\/\/tulitu.eu\/wp\/wp-content\/uploads\/2021\/04\/fetelibrairie_2021_livre.jpg 1440w\" sizes=\"auto, (max-width: 300px) 100vw, 300px\" \/><\/a><\/div>\n<div class=\"\" data-block=\"true\" data-editor=\"en439\" data-offset-key=\"dg90q-0-0\">\n<div data-offset-key=\"dg90q-0-0\"><\/div>\n<div class=\"_1mf _1mj\" data-offset-key=\"dg90q-0-0\"><span data-offset-key=\"dg90q-0-0\">Le livre offert cette ann\u00e9e c\u00e9l\u00e8bre le prix unique ! En France, cela fait 40 ans que l\u2019\u00e9diteur<\/span><\/div>\n<\/div>\n<div class=\"\" data-block=\"true\" data-editor=\"en439\" data-offset-key=\"ee4l8-0-0\">\n<div class=\"_1mf _1mj\" data-offset-key=\"ee4l8-0-0\"><span data-offset-key=\"ee4l8-0-0\">d\u00e9cide du prix du livre et que tous les points de ventes doivent respecter ce prix. <\/span><\/div>\n<div class=\"_1mf _1mj\" data-offset-key=\"cq9b4-0-0\"><span data-offset-key=\"cq9b4-0-0\">En Belgique, voici trois ans que le d\u00e9cret relatif \u00e0 la protection culturelle du livre a vu le jour en Wallonie et \u00e0 Bruxelles (2018 Wallonie, 2019 pour la R\u00e9gion Bruxelles-Capitale, 2017 Flandre) mais ce n\u2019est que depuis 2021 que l\u2019on parle v\u00e9ritablement de prix unique. Respecter ce prix dans tous les points de ventes permet de pr\u00e9server la cr\u00e9ation, la diversit\u00e9 \u00e9ditoriale et le maintien d\u2019un large r\u00e9seau de librairies en Belgique Francophone.<\/span><\/div>\n<div data-offset-key=\"cq9b4-0-0\"><\/div>\n<\/div>\n<div class=\"\" data-block=\"true\" data-editor=\"en439\" data-offset-key=\"4nk9u-0-0\">\n<div class=\"_1mf _1mj\" data-offset-key=\"4nk9u-0-0\"><span data-offset-key=\"4nk9u-0-0\">Ch\u00e8r.e.s ami.e.s, bienvenue chez nous pour que nous puissions vous dire mille fois merci pour votre soutien!<\/span><\/div>\n<div data-offset-key=\"4nk9u-0-0\"><\/div>\n<\/div>\n<\/div>\n","protected":false},"excerpt":{"rendered":"<p>Depuis 2011, une quarantaine de librairies ind\u00e9pendantes en Belgique francophone emboite le pas \u00e0 leurs coll\u00e8gues fran\u00e7ais, luxembourgeois et suisses pour f\u00eater les auteur.e.s, les livres, la librairie ! C\u2019est \u00e0 chaque fois une belle journ\u00e9e au cours de laquelle les libraires offrent \u00e0 leurs clients un livre d\u00e9di\u00e9 \u00e0 cette journ\u00e9e! Le livre offert &hellip; <a href=\"https:\/\/tulitu.eu\/wp\/?p=1919\" class=\"more-link\">Continue reading <span class=\"screen-reader-text\">Samedi 24 avril de 11h \u00e0 19h &#8211; F\u00eate des librairies ind\u00e9pendantes<\/span> <span class=\"meta-nav\">&rarr;<\/span><\/a><\/p>\n","protected":false},"author":1,"featured_media":0,"comment_status":"open","ping_status":"open","sticky":false,"template":"","format":"standard","meta":{"footnotes":""},"categories":[2],"tags":[],"class_list":["post-1919","post","type-post","status-publish","format-standard","hentry","category-agenda"],"_links":{"self":[{"href":"https:\/\/tulitu.eu\/wp\/index.php?rest_route=\/wp\/v2\/posts\/1919","targetHints":{"allow":["GET"]}}],"collection":[{"href":"https:\/\/tulitu.eu\/wp\/index.php?rest_route=\/wp\/v2\/posts"}],"about":[{"href":"https:\/\/tulitu.eu\/wp\/index.php?rest_route=\/wp\/v2\/types\/post"}],"author":[{"embeddable":true,"href":"https:\/\/tulitu.eu\/wp\/index.php?rest_route=\/wp\/v2\/users\/1"}],"replies":[{"embeddable":true,"href":"https:\/\/tulitu.eu\/wp\/index.php?rest_route=%2Fwp%2Fv2%2Fcomments&post=1919"}],"version-history":[{"count":1,"href":"https:\/\/tulitu.eu\/wp\/index.php?rest_route=\/wp\/v2\/posts\/1919\/revisions"}],"predecessor-version":[{"id":1922,"href":"https:\/\/tulitu.eu\/wp\/index.php?rest_route=\/wp\/v2\/posts\/1919\/revisions\/1922"}],"wp:attachment":[{"href":"https:\/\/tulitu.eu\/wp\/index.php?rest_route=%2Fwp%2Fv2%2Fmedia&parent=1919"}],"wp:term":[{"taxonomy":"category","embeddable":true,"href":"https:\/\/tulitu.eu\/wp\/index.php?rest_route=%2Fwp%2Fv2%2Fcategories&post=1919"},{"taxonomy":"post_tag","embeddable":true,"href":"https:\/\/tulitu.eu\/wp\/index.php?rest_route=%2Fwp%2Fv2%2Ftags&post=1919"}],"curies":[{"name":"wp","href":"https:\/\/api.w.org\/{rel}","templated":true}]}}