{"id":1819,"date":"2020-05-24T12:19:00","date_gmt":"2020-05-24T12:19:00","guid":{"rendered":"http:\/\/tulitu.eu\/wp\/?p=1819"},"modified":"2020-05-24T12:19:00","modified_gmt":"2020-05-24T12:19:00","slug":"rencontre-avec-djamila-ribeiro","status":"publish","type":"post","link":"https:\/\/tulitu.eu\/wp\/?p=1819","title":{"rendered":"Rencontre avec Djamila Ribeiro"},"content":{"rendered":"<p><img loading=\"lazy\" decoding=\"async\" class=\"scaledImageFitWidth img\" src=\"https:\/\/external.fbru1-1.fna.fbcdn.net\/safe_image.php?d=AQDUmNwD1r6grB3a&amp;w=476&amp;h=249&amp;url=https%3A%2F%2Fi.ytimg.com%2Fvi%2FAZasmChyHyQ%2Fhqdefault.jpg&amp;cfs=1&amp;upscale=1&amp;fallback=news_d_placeholder_publisher&amp;_nc_hash=AQD37I2Fa1lEK5Id\" alt=\"\" width=\"474\" height=\"248\" data-src=\"https:\/\/external.fbru1-1.fna.fbcdn.net\/safe_image.php?d=AQDUmNwD1r6grB3a&amp;w=476&amp;h=249&amp;url=https%3A%2F%2Fi.ytimg.com%2Fvi%2FAZasmChyHyQ%2Fhqdefault.jpg&amp;cfs=1&amp;upscale=1&amp;fallback=news_d_placeholder_publisher&amp;_nc_hash=AQD37I2Fa1lEK5Id\" aria-label=\"L\u2019image contient peut-\u00eatre\u00a0: une personne ou plus, gros plan et texte\" \/><\/p>\n<p>TULITU avait invit\u00e9 a f\u00e9ministe br\u00e9silienne Djamila Ribeiro\u00a0 \u00e0 la Bellone le 9 juin pour pr\u00e9senter son nouveau livre &#8220;Petit manuel antiraciste et f\u00e9ministe&#8221;.<\/p>\n<p>La voil\u00e0 coinc\u00e9e au Br\u00e9sil \u00e0 cause de la pand\u00e9mie&#8230;<\/p>\n<p>Qu&#8217;\u00e0 cela ne tienne! Son \u00e9ditrice, Paula Anacaona nous offre une petite heure de discussion avec la f\u00e9ministe Djamila Ribeiro&#8230; Et Paula Anacaona a m\u00eame fait les sous-titres en fran\u00e7ais !<br \/>\nDjamila donne de vraies le\u00e7ons sur ce qu&#8217;est la place de la parole (21&#8242;), les privil\u00e8ges (28&#8242;), l&#8217;intersectionnalit\u00e9 (34&#8242;)&#8230;<br \/>\nMais elle a aussi parl\u00e9 de la situation des Noirs au Br\u00e9sil, de l&#8217;envie d&#8217;\u00e9crire ce livre sous le format accessible d&#8217;un &#8220;petit manuel&#8221;, de l&#8217;\u00e9pid\u00e9mie du COVID-19 comme r\u00e9v\u00e9latrice des i<span class=\"text_exposed_show\">n\u00e9galit\u00e9s au Br\u00e9sil&#8230;<br \/>\nEt pour finir Djamila insiste sur l&#8217;importance de puiser la force dans le pass\u00e9 pour faire face aux situations du pr\u00e9sent&#8230;<\/span><\/p>\n<p><span class=\"text_exposed_show\"><a href=\"https:\/\/www.youtube.com\/watch?v=AZasmChyHyQ&amp;feature=youtu.be&amp;fbclid=IwAR26m4wLe-hJF_PbxiFjTeP30YDn3YE4n4iB2b2Mlx2SRbnXfesb_5JlhCs\">https:\/\/www.youtube.com\/watch?v=AZasmChyHyQ&amp;feature=youtu.be&amp;fbclid=IwAR26m4wLe-hJF_PbxiFjTeP30YDn3YE4n4iB2b2Mlx2SRbnXfesb_5JlhCs<\/a><br \/>\n<\/span><\/p>\n<p><span class=\"text_exposed_show\">Pensez \u00e0 activer les sous-titres, le lien est ici : <a href=\"https:\/\/l.facebook.com\/l.php?u=https%3A%2F%2Fyoutu.be%2FAZasmChyHyQ%3Ffbclid%3DIwAR2fYEUNtzwUmth8aHTO-H6vhztJRB2rCiDRodHyl8772niY7X6RW0ZphdY&amp;h=AT0KtAFCHwYP3xnfv_-i-KBrGbWgzqQGCo4_ieUw7oi475pZYok6ZVfwllsXP-Kj4Smk_JmqPsORUQPIiVTHI7GCDNaFf5MtwNTleid1ljvnFys88k8gNS9HUxEZs40a7W5R-3aDtp-2JPK57uZpQZIJn4nDr_ViN3DS9Yl3mAD69a3fndLvzfXibqrdX2t74WVWDUi-7feEL6USz1uCfaZ8xHDqit-hib_PI8KOO-oa5P4CNVgq2zYVfg0AxzdZRkZvyWoWrd983l-MYPgjqOYG_CRcLjzvw3GNSQmtnAyuUqrDeLd7Uu1hO-PVlEpe7KaJIk2zRmKVWEiD6e2221edXRX-k6eEZfJ75czievDgpNKod2xrsMoxF6m_g1Zm44oxgSOvrgk3Fn5EkFsKk2e2CHDzZE3ANdZKEVJIAVpquTQfQE1kBKcjyWXke15DusJIMV7K3xeFG6uVZVsLyQHYxiQB5T5neaoQd2uagxNKbf8PN9yaiq_vke7nsoz1XUHKeVXPRYLWr2w3CwMKfrhDCnLlXuyN-ThLKLwXq47naikhewHuXerIwbhCbIS7iK4wigeG65sZo9mfk0q6ibyAcaBu_96UiCAgGfTfWTsjtyWN1V5Hw0yBgG6sEBMz1iUREiGacZqk8ehE_hT5Sw\" target=\"_blank\" rel=\"noopener nofollow\" data-ft=\"{&quot;tn&quot;:&quot;-U&quot;}\" data-lynx-mode=\"async\">https:\/\/youtu.be\/AZasmChyHyQ<\/a> &#8220;<\/span><\/p>\n","protected":false},"excerpt":{"rendered":"<p>TULITU avait invit\u00e9 a f\u00e9ministe br\u00e9silienne Djamila Ribeiro\u00a0 \u00e0 la Bellone le 9 juin pour pr\u00e9senter son nouveau livre &#8220;Petit manuel antiraciste et f\u00e9ministe&#8221;. La voil\u00e0 coinc\u00e9e au Br\u00e9sil \u00e0 cause de la pand\u00e9mie&#8230; Qu&#8217;\u00e0 cela ne tienne! Son \u00e9ditrice, Paula Anacaona nous offre une petite heure de discussion avec la f\u00e9ministe Djamila Ribeiro&#8230; Et &hellip; <a href=\"https:\/\/tulitu.eu\/wp\/?p=1819\" class=\"more-link\">Continue reading <span class=\"screen-reader-text\">Rencontre avec Djamila Ribeiro<\/span> <span class=\"meta-nav\">&rarr;<\/span><\/a><\/p>\n","protected":false},"author":1,"featured_media":0,"comment_status":"open","ping_status":"open","sticky":false,"template":"","format":"standard","meta":{"footnotes":""},"categories":[2],"tags":[],"class_list":["post-1819","post","type-post","status-publish","format-standard","hentry","category-agenda"],"_links":{"self":[{"href":"https:\/\/tulitu.eu\/wp\/index.php?rest_route=\/wp\/v2\/posts\/1819","targetHints":{"allow":["GET"]}}],"collection":[{"href":"https:\/\/tulitu.eu\/wp\/index.php?rest_route=\/wp\/v2\/posts"}],"about":[{"href":"https:\/\/tulitu.eu\/wp\/index.php?rest_route=\/wp\/v2\/types\/post"}],"author":[{"embeddable":true,"href":"https:\/\/tulitu.eu\/wp\/index.php?rest_route=\/wp\/v2\/users\/1"}],"replies":[{"embeddable":true,"href":"https:\/\/tulitu.eu\/wp\/index.php?rest_route=%2Fwp%2Fv2%2Fcomments&post=1819"}],"version-history":[{"count":1,"href":"https:\/\/tulitu.eu\/wp\/index.php?rest_route=\/wp\/v2\/posts\/1819\/revisions"}],"predecessor-version":[{"id":1820,"href":"https:\/\/tulitu.eu\/wp\/index.php?rest_route=\/wp\/v2\/posts\/1819\/revisions\/1820"}],"wp:attachment":[{"href":"https:\/\/tulitu.eu\/wp\/index.php?rest_route=%2Fwp%2Fv2%2Fmedia&parent=1819"}],"wp:term":[{"taxonomy":"category","embeddable":true,"href":"https:\/\/tulitu.eu\/wp\/index.php?rest_route=%2Fwp%2Fv2%2Fcategories&post=1819"},{"taxonomy":"post_tag","embeddable":true,"href":"https:\/\/tulitu.eu\/wp\/index.php?rest_route=%2Fwp%2Fv2%2Ftags&post=1819"}],"curies":[{"name":"wp","href":"https:\/\/api.w.org\/{rel}","templated":true}]}}