{"id":1797,"date":"2020-04-30T16:50:31","date_gmt":"2020-04-30T16:50:31","guid":{"rendered":"http:\/\/tulitu.eu\/wp\/?p=1797"},"modified":"2020-05-02T14:13:14","modified_gmt":"2020-05-02T14:13:14","slug":"reouverture-de-tulitu","status":"publish","type":"post","link":"https:\/\/tulitu.eu\/wp\/?p=1797","title":{"rendered":"R\u00e9ouverture de TULITU"},"content":{"rendered":"<p><a href=\"http:\/\/tulitu.eu\/wp\/wp-content\/uploads\/2020\/04\/plonk.png\"><img loading=\"lazy\" decoding=\"async\" class=\"alignnone size-large wp-image-1798\" src=\"http:\/\/tulitu.eu\/wp\/wp-content\/uploads\/2020\/04\/plonk-730x1024.png\" alt=\"\" width=\"604\" height=\"847\" srcset=\"https:\/\/tulitu.eu\/wp\/wp-content\/uploads\/2020\/04\/plonk-730x1024.png 730w, https:\/\/tulitu.eu\/wp\/wp-content\/uploads\/2020\/04\/plonk-214x300.png 214w, https:\/\/tulitu.eu\/wp\/wp-content\/uploads\/2020\/04\/plonk-768x1077.png 768w, https:\/\/tulitu.eu\/wp\/wp-content\/uploads\/2020\/04\/plonk.png 944w\" sizes=\"auto, (max-width: 604px) 100vw, 604px\" \/><\/a><\/p>\n<p>Merci Plonk et Replonk pour cette affiche!<\/p>\n<p>Si tout va bien, nous rouvrons nos portes le lundi 11 mai.<\/p>\n<p>Nous avons pr\u00e9vu des mesures pour que nous nous sentions toutes et tous \u00e0 l&#8217;aise : deux client.e.s maximum\u00a0 dans la librairie, une personne par famille, port du masque pour tout le monde, gel hydroalcoolique\u00a0 \u00e0 l&#8217;entr\u00e9e et \u00e0 la caisse, vitre en plexi d\u00e9cor\u00e9e par nos soins, paiement de pr\u00e9f\u00e9rence par carte.<\/p>\n<p>Nous comptons adapter nos horaires pour nous habituer au nouveau fonctionnement de la librairie.<\/p>\n<p>&nbsp;<\/p>\n<p>D&#8217;ici-l\u00e0, portez-vous bien.<\/p>\n<p>H\u00e2te de vous revoir!<\/p>\n","protected":false},"excerpt":{"rendered":"<p>Merci Plonk et Replonk pour cette affiche! Si tout va bien, nous rouvrons nos portes le lundi 11 mai. Nous avons pr\u00e9vu des mesures pour que nous nous sentions toutes et tous \u00e0 l&#8217;aise : deux client.e.s maximum\u00a0 dans la librairie, une personne par famille, port du masque pour tout le monde, gel hydroalcoolique\u00a0 \u00e0 &hellip; <a href=\"https:\/\/tulitu.eu\/wp\/?p=1797\" class=\"more-link\">Continue reading <span class=\"screen-reader-text\">R\u00e9ouverture de TULITU<\/span> <span class=\"meta-nav\">&rarr;<\/span><\/a><\/p>\n","protected":false},"author":1,"featured_media":0,"comment_status":"open","ping_status":"open","sticky":false,"template":"","format":"standard","meta":{"footnotes":""},"categories":[2],"tags":[],"class_list":["post-1797","post","type-post","status-publish","format-standard","hentry","category-agenda"],"_links":{"self":[{"href":"https:\/\/tulitu.eu\/wp\/index.php?rest_route=\/wp\/v2\/posts\/1797","targetHints":{"allow":["GET"]}}],"collection":[{"href":"https:\/\/tulitu.eu\/wp\/index.php?rest_route=\/wp\/v2\/posts"}],"about":[{"href":"https:\/\/tulitu.eu\/wp\/index.php?rest_route=\/wp\/v2\/types\/post"}],"author":[{"embeddable":true,"href":"https:\/\/tulitu.eu\/wp\/index.php?rest_route=\/wp\/v2\/users\/1"}],"replies":[{"embeddable":true,"href":"https:\/\/tulitu.eu\/wp\/index.php?rest_route=%2Fwp%2Fv2%2Fcomments&post=1797"}],"version-history":[{"count":3,"href":"https:\/\/tulitu.eu\/wp\/index.php?rest_route=\/wp\/v2\/posts\/1797\/revisions"}],"predecessor-version":[{"id":1801,"href":"https:\/\/tulitu.eu\/wp\/index.php?rest_route=\/wp\/v2\/posts\/1797\/revisions\/1801"}],"wp:attachment":[{"href":"https:\/\/tulitu.eu\/wp\/index.php?rest_route=%2Fwp%2Fv2%2Fmedia&parent=1797"}],"wp:term":[{"taxonomy":"category","embeddable":true,"href":"https:\/\/tulitu.eu\/wp\/index.php?rest_route=%2Fwp%2Fv2%2Fcategories&post=1797"},{"taxonomy":"post_tag","embeddable":true,"href":"https:\/\/tulitu.eu\/wp\/index.php?rest_route=%2Fwp%2Fv2%2Ftags&post=1797"}],"curies":[{"name":"wp","href":"https:\/\/api.w.org\/{rel}","templated":true}]}}