{"id":1792,"date":"2020-04-20T16:52:11","date_gmt":"2020-04-20T16:52:11","guid":{"rendered":"http:\/\/tulitu.eu\/wp\/?p=1792"},"modified":"2020-04-20T17:08:04","modified_gmt":"2020-04-20T17:08:04","slug":"lire-cest-vivre","status":"publish","type":"post","link":"https:\/\/tulitu.eu\/wp\/?p=1792","title":{"rendered":"Lire, c&#8217;est vivre"},"content":{"rendered":"<p><a href=\"http:\/\/tulitu.eu\/wp\/wp-content\/uploads\/2020\/04\/POST-LIRE-CEST-VIVRE-FACEBOOK-ROUGE.png\"><img loading=\"lazy\" decoding=\"async\" class=\"alignnone size-medium wp-image-1793\" src=\"http:\/\/tulitu.eu\/wp\/wp-content\/uploads\/2020\/04\/POST-LIRE-CEST-VIVRE-FACEBOOK-ROUGE-300x300.png\" alt=\"\" width=\"300\" height=\"300\" srcset=\"https:\/\/tulitu.eu\/wp\/wp-content\/uploads\/2020\/04\/POST-LIRE-CEST-VIVRE-FACEBOOK-ROUGE-300x300.png 300w, https:\/\/tulitu.eu\/wp\/wp-content\/uploads\/2020\/04\/POST-LIRE-CEST-VIVRE-FACEBOOK-ROUGE-150x150.png 150w, https:\/\/tulitu.eu\/wp\/wp-content\/uploads\/2020\/04\/POST-LIRE-CEST-VIVRE-FACEBOOK-ROUGE-768x768.png 768w, https:\/\/tulitu.eu\/wp\/wp-content\/uploads\/2020\/04\/POST-LIRE-CEST-VIVRE-FACEBOOK-ROUGE-1024x1024.png 1024w, https:\/\/tulitu.eu\/wp\/wp-content\/uploads\/2020\/04\/POST-LIRE-CEST-VIVRE-FACEBOOK-ROUGE.png 1200w\" sizes=\"auto, (max-width: 300px) 100vw, 300px\" \/><\/a><\/p>\n<p>Ch\u00e8r.e.s lectrices et lecteurs,<\/p>\n<p>Nous avons h\u00e2te de vous accueillir chez nous d\u00e8s que le Gouvernement le permettra.<\/p>\n<p>Nous mettons d\u00e9j\u00e0 tout en \u0153uvre pour pouvoir vous accueillir (d\u00e8s que nous aurons re\u00e7u le feu vert)\u00a0 dans des conditions optimales de s\u00e9curit\u00e9 sanitaire tout en gardant la convivialit\u00e9 qui nous est si ch\u00e8re!<\/p>\n<p>Nous sommes fi\u00e8res de faire partie du Syndicat des Librairies belges francophones, appel\u00e9 pour le grand public &#8220;les Librairies ind\u00e9pendantes&#8221;.<\/p>\n<p><a href=\"https:\/\/www.leslibrairiesindependantes.be\/\">https:\/\/www.leslibrairiesindependantes.be\/<\/a><\/p>\n<p>Gr\u00e2ce \u00e0 ce r\u00e9seau solidaire, une campagne est lanc\u00e9e pour soutenir les librairies ind\u00e9pendantes : &#8220;Lire, c&#8217;est vivre&#8221;.<\/p>\n<p>L&#8217;id\u00e9e est d&#8217;acheter aujourd&#8217;hui un bon d&#8217;achat pour les livres que vous ach\u00e8terez lorsque nous pourrons rouvrir ou pour offrir \u00e0 un.e ami.e.<\/p>\n<p><a href=\"http:\/\/tulitu.eu\/wp\/wp-content\/uploads\/2020\/04\/LIB-IND-Lire-cest-vivre-visuel-newsletter.jpg\"><img loading=\"lazy\" decoding=\"async\" class=\"alignnone size-large wp-image-1794\" src=\"http:\/\/tulitu.eu\/wp\/wp-content\/uploads\/2020\/04\/LIB-IND-Lire-cest-vivre-visuel-newsletter-1024x584.jpg\" alt=\"\" width=\"604\" height=\"344\" srcset=\"https:\/\/tulitu.eu\/wp\/wp-content\/uploads\/2020\/04\/LIB-IND-Lire-cest-vivre-visuel-newsletter-1024x584.jpg 1024w, https:\/\/tulitu.eu\/wp\/wp-content\/uploads\/2020\/04\/LIB-IND-Lire-cest-vivre-visuel-newsletter-300x171.jpg 300w, https:\/\/tulitu.eu\/wp\/wp-content\/uploads\/2020\/04\/LIB-IND-Lire-cest-vivre-visuel-newsletter-768x438.jpg 768w, https:\/\/tulitu.eu\/wp\/wp-content\/uploads\/2020\/04\/LIB-IND-Lire-cest-vivre-visuel-newsletter.jpg 1149w\" sizes=\"auto, (max-width: 604px) 100vw, 604px\" \/><\/a><\/p>\n<p>Pour se procurer un bon d&#8217;achat, rien de plus simple!<\/p>\n<p>Envoyez-nous un courriel \u00e0 l&#8217;adresse librairie@tulitu.eu, choisissez le montant de votre bon d&#8217;achat, nous vous r\u00e9pondrons avec les informations pratiques de paiement et d&#8217;envoi du bon.<\/p>\n<p>Le bon d&#8217;achat sera valable jusqu&#8217;au 31 d\u00e9cembre 2020.<\/p>\n<p>A tout bient\u00f4t!<\/p>\n<p>&nbsp;<\/p>\n<p>&nbsp;<\/p>\n<p>&nbsp;<\/p>\n<p>&nbsp;<\/p>\n<p>&nbsp;<\/p>\n<p>&nbsp;<\/p>\n","protected":false},"excerpt":{"rendered":"<p>Ch\u00e8r.e.s lectrices et lecteurs, Nous avons h\u00e2te de vous accueillir chez nous d\u00e8s que le Gouvernement le permettra. Nous mettons d\u00e9j\u00e0 tout en \u0153uvre pour pouvoir vous accueillir (d\u00e8s que nous aurons re\u00e7u le feu vert)\u00a0 dans des conditions optimales de s\u00e9curit\u00e9 sanitaire tout en gardant la convivialit\u00e9 qui nous est si ch\u00e8re! Nous sommes &hellip; <a href=\"https:\/\/tulitu.eu\/wp\/?p=1792\" class=\"more-link\">Continue reading <span class=\"screen-reader-text\">Lire, c&#8217;est vivre<\/span> <span class=\"meta-nav\">&rarr;<\/span><\/a><\/p>\n","protected":false},"author":1,"featured_media":0,"comment_status":"open","ping_status":"open","sticky":false,"template":"","format":"standard","meta":{"footnotes":""},"categories":[2],"tags":[],"class_list":["post-1792","post","type-post","status-publish","format-standard","hentry","category-agenda"],"_links":{"self":[{"href":"https:\/\/tulitu.eu\/wp\/index.php?rest_route=\/wp\/v2\/posts\/1792","targetHints":{"allow":["GET"]}}],"collection":[{"href":"https:\/\/tulitu.eu\/wp\/index.php?rest_route=\/wp\/v2\/posts"}],"about":[{"href":"https:\/\/tulitu.eu\/wp\/index.php?rest_route=\/wp\/v2\/types\/post"}],"author":[{"embeddable":true,"href":"https:\/\/tulitu.eu\/wp\/index.php?rest_route=\/wp\/v2\/users\/1"}],"replies":[{"embeddable":true,"href":"https:\/\/tulitu.eu\/wp\/index.php?rest_route=%2Fwp%2Fv2%2Fcomments&post=1792"}],"version-history":[{"count":2,"href":"https:\/\/tulitu.eu\/wp\/index.php?rest_route=\/wp\/v2\/posts\/1792\/revisions"}],"predecessor-version":[{"id":1796,"href":"https:\/\/tulitu.eu\/wp\/index.php?rest_route=\/wp\/v2\/posts\/1792\/revisions\/1796"}],"wp:attachment":[{"href":"https:\/\/tulitu.eu\/wp\/index.php?rest_route=%2Fwp%2Fv2%2Fmedia&parent=1792"}],"wp:term":[{"taxonomy":"category","embeddable":true,"href":"https:\/\/tulitu.eu\/wp\/index.php?rest_route=%2Fwp%2Fv2%2Fcategories&post=1792"},{"taxonomy":"post_tag","embeddable":true,"href":"https:\/\/tulitu.eu\/wp\/index.php?rest_route=%2Fwp%2Fv2%2Ftags&post=1792"}],"curies":[{"name":"wp","href":"https:\/\/api.w.org\/{rel}","templated":true}]}}