{"id":1764,"date":"2020-03-18T11:49:38","date_gmt":"2020-03-18T11:49:38","guid":{"rendered":"http:\/\/tulitu.eu\/wp\/?p=1764"},"modified":"2020-03-18T11:49:38","modified_gmt":"2020-03-18T11:49:38","slug":"ce-nest-quun-au-revoir","status":"publish","type":"post","link":"https:\/\/tulitu.eu\/wp\/?p=1764","title":{"rendered":"Ce n&#8217;est qu&#8217;un au revoir!"},"content":{"rendered":"<p><a href=\"http:\/\/tulitu.eu\/wp\/wp-content\/uploads\/2020\/03\/tamaralempicka.jpg\"><img loading=\"lazy\" decoding=\"async\" class=\"alignnone size-medium wp-image-1765\" src=\"http:\/\/tulitu.eu\/wp\/wp-content\/uploads\/2020\/03\/tamaralempicka-225x300.jpg\" alt=\"\" width=\"225\" height=\"300\" srcset=\"https:\/\/tulitu.eu\/wp\/wp-content\/uploads\/2020\/03\/tamaralempicka-225x300.jpg 225w, https:\/\/tulitu.eu\/wp\/wp-content\/uploads\/2020\/03\/tamaralempicka.jpg 384w\" sizes=\"auto, (max-width: 225px) 100vw, 225px\" \/><\/a><\/p>\n<pre>Tableau de Tamara de Lempicka<\/pre>\n<p>Cher\u00b7e\u00b7s client\u00b7e\u00b7s,<\/p>\n<p>Afin de pr\u00e9server nos proches, notre client\u00e8le et d&#8217;\u00e9viter un maximum de participer \u00e0 la propagation du virus, nous avons anticip\u00e9 la d\u00e9cision du Gouvernement de fermer les commerces.<\/p>\n<p>Cela nous attriste mais nous semble \u00eatre juste, un acte citoyen indispensable.<br \/>\nNous ne ferons pas de livraisons \u00e0 domicile pour les m\u00eames raisons.<\/p>\n<p>Nous restons \u00e0 votre disposition par courriel librairie@tulitu.eu du lundi au vendredi pour vos \u00e9ventuelles questions. Les commande<span class=\"text_exposed_show\">s sont toutefois suspendues pour l&#8217;instant puisque nous ne sommes plus livr\u00e9es. <\/span><\/p>\n<div class=\"text_exposed_show\">\n<p>Afin de continuer \u00e0 faire vivre les livres durant cette p\u00e9riode \u00e0 dur\u00e9e ind\u00e9termin\u00e9e, n&#8217;h\u00e9sitez pas \u00e0 nous partager vos lectures et coups de c\u0153urs\u00a0 sur notre page facebook <a href=\"https:\/\/www.facebook.com\/librairietulitu\/\">https:\/\/www.facebook.com\/librairietulitu\/<\/a> !<\/p>\n<p>Vous allez nous manquer!<\/p>\n<p>\u00c0 bient\u00f4t et d&#8217;ici l\u00e0 prenez soin de vous!<\/p>\n<\/div>\n<p>&nbsp;<\/p>\n<div class=\"text_exposed_show\">\n<p>Ariane, Lisa et Elise<\/p>\n<\/div>\n<p>&nbsp;<\/p>\n<p>&nbsp;<\/p>\n","protected":false},"excerpt":{"rendered":"<p>Tableau de Tamara de Lempicka Cher\u00b7e\u00b7s client\u00b7e\u00b7s, Afin de pr\u00e9server nos proches, notre client\u00e8le et d&#8217;\u00e9viter un maximum de participer \u00e0 la propagation du virus, nous avons anticip\u00e9 la d\u00e9cision du Gouvernement de fermer les commerces. Cela nous attriste mais nous semble \u00eatre juste, un acte citoyen indispensable. Nous ne ferons pas de livraisons \u00e0 &hellip; <a href=\"https:\/\/tulitu.eu\/wp\/?p=1764\" class=\"more-link\">Continue reading <span class=\"screen-reader-text\">Ce n&#8217;est qu&#8217;un au revoir!<\/span> <span class=\"meta-nav\">&rarr;<\/span><\/a><\/p>\n","protected":false},"author":1,"featured_media":0,"comment_status":"open","ping_status":"open","sticky":false,"template":"","format":"standard","meta":{"footnotes":""},"categories":[2],"tags":[],"class_list":["post-1764","post","type-post","status-publish","format-standard","hentry","category-agenda"],"_links":{"self":[{"href":"https:\/\/tulitu.eu\/wp\/index.php?rest_route=\/wp\/v2\/posts\/1764","targetHints":{"allow":["GET"]}}],"collection":[{"href":"https:\/\/tulitu.eu\/wp\/index.php?rest_route=\/wp\/v2\/posts"}],"about":[{"href":"https:\/\/tulitu.eu\/wp\/index.php?rest_route=\/wp\/v2\/types\/post"}],"author":[{"embeddable":true,"href":"https:\/\/tulitu.eu\/wp\/index.php?rest_route=\/wp\/v2\/users\/1"}],"replies":[{"embeddable":true,"href":"https:\/\/tulitu.eu\/wp\/index.php?rest_route=%2Fwp%2Fv2%2Fcomments&post=1764"}],"version-history":[{"count":1,"href":"https:\/\/tulitu.eu\/wp\/index.php?rest_route=\/wp\/v2\/posts\/1764\/revisions"}],"predecessor-version":[{"id":1766,"href":"https:\/\/tulitu.eu\/wp\/index.php?rest_route=\/wp\/v2\/posts\/1764\/revisions\/1766"}],"wp:attachment":[{"href":"https:\/\/tulitu.eu\/wp\/index.php?rest_route=%2Fwp%2Fv2%2Fmedia&parent=1764"}],"wp:term":[{"taxonomy":"category","embeddable":true,"href":"https:\/\/tulitu.eu\/wp\/index.php?rest_route=%2Fwp%2Fv2%2Fcategories&post=1764"},{"taxonomy":"post_tag","embeddable":true,"href":"https:\/\/tulitu.eu\/wp\/index.php?rest_route=%2Fwp%2Fv2%2Ftags&post=1764"}],"curies":[{"name":"wp","href":"https:\/\/api.w.org\/{rel}","templated":true}]}}