{"id":172,"date":"2015-07-26T13:29:55","date_gmt":"2015-07-26T13:29:55","guid":{"rendered":"http:\/\/tulitu.eu\/wp\/?p=172"},"modified":"2015-07-26T20:24:17","modified_gmt":"2015-07-26T20:24:17","slug":"mercredi-12-aout-a-19h-rencontre-avec-lauteur-quebecois-david-turgeon","status":"publish","type":"post","link":"https:\/\/tulitu.eu\/wp\/?p=172","title":{"rendered":"Mercredi 12 ao\u00fbt \u00e0 19h &#8211; Rencontre avec l&#8217;auteur qu\u00e9b\u00e9cois David Turgeon"},"content":{"rendered":"<p><a href=\"http:\/\/tulitu.eu\/wp\/wp-content\/uploads\/2015\/07\/david-turgeon.jpg\"><img loading=\"lazy\" decoding=\"async\" class=\"alignnone size-medium wp-image-179\" src=\"http:\/\/tulitu.eu\/wp\/wp-content\/uploads\/2015\/07\/david-turgeon-225x300.jpg\" alt=\"david turgeon\" width=\"225\" height=\"300\" srcset=\"https:\/\/tulitu.eu\/wp\/wp-content\/uploads\/2015\/07\/david-turgeon-225x300.jpg 225w, https:\/\/tulitu.eu\/wp\/wp-content\/uploads\/2015\/07\/david-turgeon.jpg 720w\" sizes=\"auto, (max-width: 225px) 100vw, 225px\" \/><\/a><\/p>\n<p>\u00a9 Le Quartanier \/ Fr\u00e9d\u00e9rick Duchesne<\/p>\n<p><span class=\"fsl\">Turgeon est l\u2019auteur de deux romans, <em>La revanche de l\u2019\u00e9crivaine fant\u00f4me<\/em> (2014) et <em>Les bases secr\u00e8tes<\/em> (2011) et d\u2019une novella, <em>La raison vient \u00e0 Carolus<\/em> (2013), tous parus au Quartanier. <\/span><\/p>\n<p><span class=\"fsl\">La causerie sera anim\u00e9e par Edgar Kosma.<\/span><\/p>\n<p><a href=\"http:\/\/tulitu.eu\/wp\/wp-content\/uploads\/2015\/07\/11717347_1683476848550978_4538133906189563904_o.jpg\"><img loading=\"lazy\" decoding=\"async\" class=\"alignnone size-medium wp-image-173\" src=\"http:\/\/tulitu.eu\/wp\/wp-content\/uploads\/2015\/07\/11717347_1683476848550978_4538133906189563904_o-300x203.jpg\" alt=\"11717347_1683476848550978_4538133906189563904_o\" width=\"300\" height=\"203\" srcset=\"https:\/\/tulitu.eu\/wp\/wp-content\/uploads\/2015\/07\/11717347_1683476848550978_4538133906189563904_o-300x203.jpg 300w, https:\/\/tulitu.eu\/wp\/wp-content\/uploads\/2015\/07\/11717347_1683476848550978_4538133906189563904_o-1024x692.jpg 1024w, https:\/\/tulitu.eu\/wp\/wp-content\/uploads\/2015\/07\/11717347_1683476848550978_4538133906189563904_o.jpg 2048w\" sizes=\"auto, (max-width: 300px) 100vw, 300px\" \/><\/a><\/p>\n<p>&nbsp;<\/p>\n","protected":false},"excerpt":{"rendered":"<p>\u00a9 Le Quartanier \/ Fr\u00e9d\u00e9rick Duchesne Turgeon est l\u2019auteur de deux romans, La revanche de l\u2019\u00e9crivaine fant\u00f4me (2014) et Les bases secr\u00e8tes (2011) et d\u2019une novella, La raison vient \u00e0 Carolus (2013), tous parus au Quartanier. La causerie sera anim\u00e9e par Edgar Kosma. &nbsp;<\/p>\n","protected":false},"author":1,"featured_media":0,"comment_status":"open","ping_status":"open","sticky":false,"template":"","format":"standard","meta":{"footnotes":""},"categories":[2],"tags":[],"class_list":["post-172","post","type-post","status-publish","format-standard","hentry","category-agenda"],"_links":{"self":[{"href":"https:\/\/tulitu.eu\/wp\/index.php?rest_route=\/wp\/v2\/posts\/172","targetHints":{"allow":["GET"]}}],"collection":[{"href":"https:\/\/tulitu.eu\/wp\/index.php?rest_route=\/wp\/v2\/posts"}],"about":[{"href":"https:\/\/tulitu.eu\/wp\/index.php?rest_route=\/wp\/v2\/types\/post"}],"author":[{"embeddable":true,"href":"https:\/\/tulitu.eu\/wp\/index.php?rest_route=\/wp\/v2\/users\/1"}],"replies":[{"embeddable":true,"href":"https:\/\/tulitu.eu\/wp\/index.php?rest_route=%2Fwp%2Fv2%2Fcomments&post=172"}],"version-history":[{"count":4,"href":"https:\/\/tulitu.eu\/wp\/index.php?rest_route=\/wp\/v2\/posts\/172\/revisions"}],"predecessor-version":[{"id":181,"href":"https:\/\/tulitu.eu\/wp\/index.php?rest_route=\/wp\/v2\/posts\/172\/revisions\/181"}],"wp:attachment":[{"href":"https:\/\/tulitu.eu\/wp\/index.php?rest_route=%2Fwp%2Fv2%2Fmedia&parent=172"}],"wp:term":[{"taxonomy":"category","embeddable":true,"href":"https:\/\/tulitu.eu\/wp\/index.php?rest_route=%2Fwp%2Fv2%2Fcategories&post=172"},{"taxonomy":"post_tag","embeddable":true,"href":"https:\/\/tulitu.eu\/wp\/index.php?rest_route=%2Fwp%2Fv2%2Ftags&post=172"}],"curies":[{"name":"wp","href":"https:\/\/api.w.org\/{rel}","templated":true}]}}