{"id":1685,"date":"2020-01-06T16:07:58","date_gmt":"2020-01-06T16:07:58","guid":{"rendered":"http:\/\/tulitu.eu\/wp\/?p=1685"},"modified":"2020-01-25T14:29:52","modified_gmt":"2020-01-25T14:29:52","slug":"dimanche-26-janvier-de-16h-a-18h-dedicaces-avec-michel-rabagliati","status":"publish","type":"post","link":"https:\/\/tulitu.eu\/wp\/?p=1685","title":{"rendered":"Dimanche 26 janvier de 16h \u00e0 18h D\u00e9dicaces avec Michel Rabagliati"},"content":{"rendered":"<p><a href=\"http:\/\/tulitu.eu\/wp\/wp-content\/uploads\/2020\/01\/paul.png\"><img loading=\"lazy\" decoding=\"async\" class=\"alignnone size-medium wp-image-1686\" src=\"http:\/\/tulitu.eu\/wp\/wp-content\/uploads\/2020\/01\/paul-225x300.png\" alt=\"\" width=\"225\" height=\"300\" srcset=\"https:\/\/tulitu.eu\/wp\/wp-content\/uploads\/2020\/01\/paul-225x300.png 225w, https:\/\/tulitu.eu\/wp\/wp-content\/uploads\/2020\/01\/paul-768x1026.png 768w, https:\/\/tulitu.eu\/wp\/wp-content\/uploads\/2020\/01\/paul-766x1024.png 766w, https:\/\/tulitu.eu\/wp\/wp-content\/uploads\/2020\/01\/paul.png 1181w\" sizes=\"auto, (max-width: 225px) 100vw, 225px\" \/><\/a><\/p>\n<p>Bienvenue \u00e0 Michel Rabagliati pour d\u00e9dicacer son album paru \u00e0 <a href=\"https:\/\/www.facebook.com\/lapasteque\/\" target=\"_blank\" rel=\"noopener\">\u00c9ditions de La Past\u00e8que<\/a>.<\/p>\n<p>&#8220;Paul \u00e0 la maison&#8221; est le neuvi\u00e8me tome de la s\u00e9rie.<br \/>\nPaul est auteur de BD \u00e0 temps plein et lance une nouvelle BD au Salon du livre de Montr\u00e9al. Sa fille part travailler en Angleterre, Lucie n\u2019habite plus avec lui et sa m\u00e8re ne va pas bien\u2026<\/p>\n<p>Une BD \u00e9mouvante, touchante, pleine d&#8217;humanit\u00e9!<\/p>\n<p><strong>R\u00e9servation \u00e0 l&#8217;adresse librairie@tulitu.eu<\/strong><\/p>\n<p>Avec le soutien de la<\/p>\n<p><a href=\"http:\/\/tulitu.eu\/wp\/wp-content\/uploads\/2019\/03\/logo_FWB.jpg\"><img loading=\"lazy\" decoding=\"async\" class=\"alignnone size-medium wp-image-1422\" src=\"http:\/\/tulitu.eu\/wp\/wp-content\/uploads\/2019\/03\/logo_FWB-300x87.jpg\" alt=\"\" width=\"300\" height=\"87\" srcset=\"https:\/\/tulitu.eu\/wp\/wp-content\/uploads\/2019\/03\/logo_FWB-300x87.jpg 300w, https:\/\/tulitu.eu\/wp\/wp-content\/uploads\/2019\/03\/logo_FWB-768x224.jpg 768w, https:\/\/tulitu.eu\/wp\/wp-content\/uploads\/2019\/03\/logo_FWB-1024x299.jpg 1024w, https:\/\/tulitu.eu\/wp\/wp-content\/uploads\/2019\/03\/logo_FWB.jpg 1382w\" sizes=\"auto, (max-width: 300px) 100vw, 300px\" \/><\/a><\/p>\n","protected":false},"excerpt":{"rendered":"<p>Bienvenue \u00e0 Michel Rabagliati pour d\u00e9dicacer son album paru \u00e0 \u00c9ditions de La Past\u00e8que. &#8220;Paul \u00e0 la maison&#8221; est le neuvi\u00e8me tome de la s\u00e9rie. Paul est auteur de BD \u00e0 temps plein et lance une nouvelle BD au Salon du livre de Montr\u00e9al. Sa fille part travailler en Angleterre, Lucie n\u2019habite plus avec lui &hellip; <a href=\"https:\/\/tulitu.eu\/wp\/?p=1685\" class=\"more-link\">Continue reading <span class=\"screen-reader-text\">Dimanche 26 janvier de 16h \u00e0 18h D\u00e9dicaces avec Michel Rabagliati<\/span> <span class=\"meta-nav\">&rarr;<\/span><\/a><\/p>\n","protected":false},"author":1,"featured_media":0,"comment_status":"open","ping_status":"open","sticky":false,"template":"","format":"standard","meta":{"footnotes":""},"categories":[2],"tags":[],"class_list":["post-1685","post","type-post","status-publish","format-standard","hentry","category-agenda"],"_links":{"self":[{"href":"https:\/\/tulitu.eu\/wp\/index.php?rest_route=\/wp\/v2\/posts\/1685","targetHints":{"allow":["GET"]}}],"collection":[{"href":"https:\/\/tulitu.eu\/wp\/index.php?rest_route=\/wp\/v2\/posts"}],"about":[{"href":"https:\/\/tulitu.eu\/wp\/index.php?rest_route=\/wp\/v2\/types\/post"}],"author":[{"embeddable":true,"href":"https:\/\/tulitu.eu\/wp\/index.php?rest_route=\/wp\/v2\/users\/1"}],"replies":[{"embeddable":true,"href":"https:\/\/tulitu.eu\/wp\/index.php?rest_route=%2Fwp%2Fv2%2Fcomments&post=1685"}],"version-history":[{"count":2,"href":"https:\/\/tulitu.eu\/wp\/index.php?rest_route=\/wp\/v2\/posts\/1685\/revisions"}],"predecessor-version":[{"id":1704,"href":"https:\/\/tulitu.eu\/wp\/index.php?rest_route=\/wp\/v2\/posts\/1685\/revisions\/1704"}],"wp:attachment":[{"href":"https:\/\/tulitu.eu\/wp\/index.php?rest_route=%2Fwp%2Fv2%2Fmedia&parent=1685"}],"wp:term":[{"taxonomy":"category","embeddable":true,"href":"https:\/\/tulitu.eu\/wp\/index.php?rest_route=%2Fwp%2Fv2%2Fcategories&post=1685"},{"taxonomy":"post_tag","embeddable":true,"href":"https:\/\/tulitu.eu\/wp\/index.php?rest_route=%2Fwp%2Fv2%2Ftags&post=1685"}],"curies":[{"name":"wp","href":"https:\/\/api.w.org\/{rel}","templated":true}]}}