{"id":1679,"date":"2020-01-06T15:56:53","date_gmt":"2020-01-06T15:56:53","guid":{"rendered":"http:\/\/tulitu.eu\/wp\/?p=1679"},"modified":"2020-01-25T14:31:16","modified_gmt":"2020-01-25T14:31:16","slug":"mercredi-15-janvier-a-19h-rencontre-avec-adel-tincelin","status":"publish","type":"post","link":"https:\/\/tulitu.eu\/wp\/?p=1679","title":{"rendered":"Mercredi 15 janvier \u00e0 19h Rencontre avec Adel Tincelin"},"content":{"rendered":"<p><a href=\"http:\/\/tulitu.eu\/wp\/wp-content\/uploads\/2020\/01\/adel.jpg\"><img loading=\"lazy\" decoding=\"async\" class=\"alignnone size-medium wp-image-1680\" src=\"http:\/\/tulitu.eu\/wp\/wp-content\/uploads\/2020\/01\/adel-225x300.jpg\" alt=\"\" width=\"225\" height=\"300\" srcset=\"https:\/\/tulitu.eu\/wp\/wp-content\/uploads\/2020\/01\/adel-225x300.jpg 225w, https:\/\/tulitu.eu\/wp\/wp-content\/uploads\/2020\/01\/adel.jpg 720w\" sizes=\"auto, (max-width: 225px) 100vw, 225px\" \/><\/a><\/p>\n<p>Bienvenue \u00e0 Adel Tincelin qui a \u00e9crit &#8220;On n&#8217;a que deux vies &#8211; journal d&#8217;un transboy&#8221; paru aux <a href=\"https:\/\/www.facebook.com\/Edition.Cambourakis\/\" target=\"_blank\" rel=\"noopener\">\u00c9ditions Cambourakis<\/a>.<\/p>\n<p>R\u00e9servation par courriel \u00e0 l&#8217;adresse librairie@tulitu.eu<\/p>\n<p>Avec le soutien de la<\/p>\n<p><a href=\"http:\/\/tulitu.eu\/wp\/wp-content\/uploads\/2019\/03\/logo_FWB.jpg\"><img loading=\"lazy\" decoding=\"async\" class=\"alignnone size-medium wp-image-1422\" src=\"http:\/\/tulitu.eu\/wp\/wp-content\/uploads\/2019\/03\/logo_FWB-300x87.jpg\" alt=\"\" width=\"300\" height=\"87\" srcset=\"https:\/\/tulitu.eu\/wp\/wp-content\/uploads\/2019\/03\/logo_FWB-300x87.jpg 300w, https:\/\/tulitu.eu\/wp\/wp-content\/uploads\/2019\/03\/logo_FWB-768x224.jpg 768w, https:\/\/tulitu.eu\/wp\/wp-content\/uploads\/2019\/03\/logo_FWB-1024x299.jpg 1024w, https:\/\/tulitu.eu\/wp\/wp-content\/uploads\/2019\/03\/logo_FWB.jpg 1382w\" sizes=\"auto, (max-width: 300px) 100vw, 300px\" \/><\/a><\/p>\n","protected":false},"excerpt":{"rendered":"<p>Bienvenue \u00e0 Adel Tincelin qui a \u00e9crit &#8220;On n&#8217;a que deux vies &#8211; journal d&#8217;un transboy&#8221; paru aux \u00c9ditions Cambourakis. R\u00e9servation par courriel \u00e0 l&#8217;adresse librairie@tulitu.eu Avec le soutien de la<\/p>\n","protected":false},"author":1,"featured_media":0,"comment_status":"open","ping_status":"open","sticky":false,"template":"","format":"standard","meta":{"footnotes":""},"categories":[2],"tags":[],"class_list":["post-1679","post","type-post","status-publish","format-standard","hentry","category-agenda"],"_links":{"self":[{"href":"https:\/\/tulitu.eu\/wp\/index.php?rest_route=\/wp\/v2\/posts\/1679","targetHints":{"allow":["GET"]}}],"collection":[{"href":"https:\/\/tulitu.eu\/wp\/index.php?rest_route=\/wp\/v2\/posts"}],"about":[{"href":"https:\/\/tulitu.eu\/wp\/index.php?rest_route=\/wp\/v2\/types\/post"}],"author":[{"embeddable":true,"href":"https:\/\/tulitu.eu\/wp\/index.php?rest_route=\/wp\/v2\/users\/1"}],"replies":[{"embeddable":true,"href":"https:\/\/tulitu.eu\/wp\/index.php?rest_route=%2Fwp%2Fv2%2Fcomments&post=1679"}],"version-history":[{"count":2,"href":"https:\/\/tulitu.eu\/wp\/index.php?rest_route=\/wp\/v2\/posts\/1679\/revisions"}],"predecessor-version":[{"id":1707,"href":"https:\/\/tulitu.eu\/wp\/index.php?rest_route=\/wp\/v2\/posts\/1679\/revisions\/1707"}],"wp:attachment":[{"href":"https:\/\/tulitu.eu\/wp\/index.php?rest_route=%2Fwp%2Fv2%2Fmedia&parent=1679"}],"wp:term":[{"taxonomy":"category","embeddable":true,"href":"https:\/\/tulitu.eu\/wp\/index.php?rest_route=%2Fwp%2Fv2%2Fcategories&post=1679"},{"taxonomy":"post_tag","embeddable":true,"href":"https:\/\/tulitu.eu\/wp\/index.php?rest_route=%2Fwp%2Fv2%2Ftags&post=1679"}],"curies":[{"name":"wp","href":"https:\/\/api.w.org\/{rel}","templated":true}]}}