{"id":1672,"date":"2019-11-10T13:00:33","date_gmt":"2019-11-10T13:00:33","guid":{"rendered":"http:\/\/tulitu.eu\/wp\/?p=1672"},"modified":"2020-01-25T14:31:40","modified_gmt":"2020-01-25T14:31:40","slug":"mercredi-11-decembre-a-19h-rencontre-avec-kenan-gorgun","status":"publish","type":"post","link":"https:\/\/tulitu.eu\/wp\/?p=1672","title":{"rendered":"Mercredi 11 d\u00e9cembre \u00e0 19h &#8211; Rencontre avec Kenan G\u00f6rg\u00fcn"},"content":{"rendered":"<p><a href=\"http:\/\/tulitu.eu\/wp\/wp-content\/uploads\/2019\/11\/kenan2.jpg\"><img loading=\"lazy\" decoding=\"async\" class=\"alignnone size-medium wp-image-1673\" src=\"http:\/\/tulitu.eu\/wp\/wp-content\/uploads\/2019\/11\/kenan2-300x169.jpg\" alt=\"\" width=\"300\" height=\"169\" srcset=\"https:\/\/tulitu.eu\/wp\/wp-content\/uploads\/2019\/11\/kenan2-300x169.jpg 300w, https:\/\/tulitu.eu\/wp\/wp-content\/uploads\/2019\/11\/kenan2-768x432.jpg 768w, https:\/\/tulitu.eu\/wp\/wp-content\/uploads\/2019\/11\/kenan2-1024x576.jpg 1024w, https:\/\/tulitu.eu\/wp\/wp-content\/uploads\/2019\/11\/kenan2.jpg 1190w\" sizes=\"auto, (max-width: 300px) 100vw, 300px\" \/><\/a><a href=\"http:\/\/tulitu.eu\/wp\/wp-content\/uploads\/2019\/11\/kenan.png\"><img loading=\"lazy\" decoding=\"async\" class=\"alignnone size-medium wp-image-1674\" src=\"http:\/\/tulitu.eu\/wp\/wp-content\/uploads\/2019\/11\/kenan-300x200.png\" alt=\"\" width=\"300\" height=\"200\" srcset=\"https:\/\/tulitu.eu\/wp\/wp-content\/uploads\/2019\/11\/kenan-300x200.png 300w, https:\/\/tulitu.eu\/wp\/wp-content\/uploads\/2019\/11\/kenan-768x512.png 768w, https:\/\/tulitu.eu\/wp\/wp-content\/uploads\/2019\/11\/kenan.png 1024w\" sizes=\"auto, (max-width: 300px) 100vw, 300px\" \/><\/a><\/p>\n<p>Nous avions ador\u00e9 sa nouvelle dans &#8220;Bruxelles Noir&#8221; publi\u00e9 chez Asphalte.<br \/>\nCela fait trois ans qu&#8217;il nous promet un roman.<br \/>\nLe voici publi\u00e9 aux Ar\u00e8nes dans la collection Equinox.<\/p>\n<p>Avec le soutien de la<\/p>\n<p><a href=\"http:\/\/tulitu.eu\/wp\/wp-content\/uploads\/2019\/03\/logo_FWB.jpg\"><img loading=\"lazy\" decoding=\"async\" class=\"alignnone size-medium wp-image-1422\" src=\"http:\/\/tulitu.eu\/wp\/wp-content\/uploads\/2019\/03\/logo_FWB-300x87.jpg\" alt=\"\" width=\"300\" height=\"87\" srcset=\"https:\/\/tulitu.eu\/wp\/wp-content\/uploads\/2019\/03\/logo_FWB-300x87.jpg 300w, https:\/\/tulitu.eu\/wp\/wp-content\/uploads\/2019\/03\/logo_FWB-768x224.jpg 768w, https:\/\/tulitu.eu\/wp\/wp-content\/uploads\/2019\/03\/logo_FWB-1024x299.jpg 1024w, https:\/\/tulitu.eu\/wp\/wp-content\/uploads\/2019\/03\/logo_FWB.jpg 1382w\" sizes=\"auto, (max-width: 300px) 100vw, 300px\" \/><\/a><\/p>\n","protected":false},"excerpt":{"rendered":"<p>Nous avions ador\u00e9 sa nouvelle dans &#8220;Bruxelles Noir&#8221; publi\u00e9 chez Asphalte. Cela fait trois ans qu&#8217;il nous promet un roman. Le voici publi\u00e9 aux Ar\u00e8nes dans la collection Equinox. Avec le soutien de la<\/p>\n","protected":false},"author":1,"featured_media":0,"comment_status":"open","ping_status":"open","sticky":false,"template":"","format":"standard","meta":{"footnotes":""},"categories":[2],"tags":[],"class_list":["post-1672","post","type-post","status-publish","format-standard","hentry","category-agenda"],"_links":{"self":[{"href":"https:\/\/tulitu.eu\/wp\/index.php?rest_route=\/wp\/v2\/posts\/1672","targetHints":{"allow":["GET"]}}],"collection":[{"href":"https:\/\/tulitu.eu\/wp\/index.php?rest_route=\/wp\/v2\/posts"}],"about":[{"href":"https:\/\/tulitu.eu\/wp\/index.php?rest_route=\/wp\/v2\/types\/post"}],"author":[{"embeddable":true,"href":"https:\/\/tulitu.eu\/wp\/index.php?rest_route=\/wp\/v2\/users\/1"}],"replies":[{"embeddable":true,"href":"https:\/\/tulitu.eu\/wp\/index.php?rest_route=%2Fwp%2Fv2%2Fcomments&post=1672"}],"version-history":[{"count":2,"href":"https:\/\/tulitu.eu\/wp\/index.php?rest_route=\/wp\/v2\/posts\/1672\/revisions"}],"predecessor-version":[{"id":1708,"href":"https:\/\/tulitu.eu\/wp\/index.php?rest_route=\/wp\/v2\/posts\/1672\/revisions\/1708"}],"wp:attachment":[{"href":"https:\/\/tulitu.eu\/wp\/index.php?rest_route=%2Fwp%2Fv2%2Fmedia&parent=1672"}],"wp:term":[{"taxonomy":"category","embeddable":true,"href":"https:\/\/tulitu.eu\/wp\/index.php?rest_route=%2Fwp%2Fv2%2Fcategories&post=1672"},{"taxonomy":"post_tag","embeddable":true,"href":"https:\/\/tulitu.eu\/wp\/index.php?rest_route=%2Fwp%2Fv2%2Ftags&post=1672"}],"curies":[{"name":"wp","href":"https:\/\/api.w.org\/{rel}","templated":true}]}}