{"id":1645,"date":"2019-10-20T13:40:24","date_gmt":"2019-10-20T13:40:24","guid":{"rendered":"http:\/\/tulitu.eu\/wp\/?p=1645"},"modified":"2020-01-25T14:32:08","modified_gmt":"2020-01-25T14:32:08","slug":"mercredi-27-novembre-a-19h-rencontre-avec-paula-anacaona","status":"publish","type":"post","link":"https:\/\/tulitu.eu\/wp\/?p=1645","title":{"rendered":"Mercredi 27 novembre \u00e0 19h Rencontre avec Paula Anacaona"},"content":{"rendered":"<p><a href=\"http:\/\/tulitu.eu\/wp\/wp-content\/uploads\/2019\/10\/ana.jpg\"><img loading=\"lazy\" decoding=\"async\" class=\"alignnone size-medium wp-image-1664\" src=\"http:\/\/tulitu.eu\/wp\/wp-content\/uploads\/2019\/10\/ana-300x155.jpg\" alt=\"\" width=\"300\" height=\"155\" srcset=\"https:\/\/tulitu.eu\/wp\/wp-content\/uploads\/2019\/10\/ana-300x155.jpg 300w, https:\/\/tulitu.eu\/wp\/wp-content\/uploads\/2019\/10\/ana-768x397.jpg 768w, https:\/\/tulitu.eu\/wp\/wp-content\/uploads\/2019\/10\/ana-1024x529.jpg 1024w\" sizes=\"auto, (max-width: 300px) 100vw, 300px\" \/><\/a><\/p>\n<p>Bienvenue \u00e0 Paula Anacaona, l&#8217;\u00e9ditrice des \u00e9ditions Anacaona !<br \/>\nPaula Anacaona en r\u00e9sum\u00e9, c&#8217;est : une \u00e9ditrice, une traductrice, une autrice, une f\u00e9ministe, une antiraciste,une d\u00e9coloniale.<\/p>\n<p>Elle nous parlera de son m\u00e9tier , de ses choix \u00e9ditoriaux et de son dernier livre &#8220;1492 Anacaona l&#8217;insurg\u00e9e des Cara\u00efbes&#8221; illustr\u00e9 par Claudia Amaral.<\/p>\n<p><strong>R\u00e9servation \u00e0 l\u2019adresse courriel de TULITU : librairie@tulitu.eu<\/strong><\/p>\n<p>Avec le soutien de la<a href=\"http:\/\/tulitu.eu\/wp\/wp-content\/uploads\/2019\/03\/logo_FWB.jpg\"><img loading=\"lazy\" decoding=\"async\" class=\"alignnone size-medium wp-image-1422\" src=\"http:\/\/tulitu.eu\/wp\/wp-content\/uploads\/2019\/03\/logo_FWB-300x87.jpg\" alt=\"\" width=\"300\" height=\"87\" srcset=\"https:\/\/tulitu.eu\/wp\/wp-content\/uploads\/2019\/03\/logo_FWB-300x87.jpg 300w, https:\/\/tulitu.eu\/wp\/wp-content\/uploads\/2019\/03\/logo_FWB-768x224.jpg 768w, https:\/\/tulitu.eu\/wp\/wp-content\/uploads\/2019\/03\/logo_FWB-1024x299.jpg 1024w, https:\/\/tulitu.eu\/wp\/wp-content\/uploads\/2019\/03\/logo_FWB.jpg 1382w\" sizes=\"auto, (max-width: 300px) 100vw, 300px\" \/><\/a><\/p>\n","protected":false},"excerpt":{"rendered":"<p>Bienvenue \u00e0 Paula Anacaona, l&#8217;\u00e9ditrice des \u00e9ditions Anacaona ! Paula Anacaona en r\u00e9sum\u00e9, c&#8217;est : une \u00e9ditrice, une traductrice, une autrice, une f\u00e9ministe, une antiraciste,une d\u00e9coloniale. Elle nous parlera de son m\u00e9tier , de ses choix \u00e9ditoriaux et de son dernier livre &#8220;1492 Anacaona l&#8217;insurg\u00e9e des Cara\u00efbes&#8221; illustr\u00e9 par Claudia Amaral. R\u00e9servation \u00e0 l\u2019adresse courriel &hellip; <a href=\"https:\/\/tulitu.eu\/wp\/?p=1645\" class=\"more-link\">Continue reading <span class=\"screen-reader-text\">Mercredi 27 novembre \u00e0 19h Rencontre avec Paula Anacaona<\/span> <span class=\"meta-nav\">&rarr;<\/span><\/a><\/p>\n","protected":false},"author":1,"featured_media":0,"comment_status":"open","ping_status":"open","sticky":false,"template":"","format":"standard","meta":{"footnotes":""},"categories":[2],"tags":[],"class_list":["post-1645","post","type-post","status-publish","format-standard","hentry","category-agenda"],"_links":{"self":[{"href":"https:\/\/tulitu.eu\/wp\/index.php?rest_route=\/wp\/v2\/posts\/1645","targetHints":{"allow":["GET"]}}],"collection":[{"href":"https:\/\/tulitu.eu\/wp\/index.php?rest_route=\/wp\/v2\/posts"}],"about":[{"href":"https:\/\/tulitu.eu\/wp\/index.php?rest_route=\/wp\/v2\/types\/post"}],"author":[{"embeddable":true,"href":"https:\/\/tulitu.eu\/wp\/index.php?rest_route=\/wp\/v2\/users\/1"}],"replies":[{"embeddable":true,"href":"https:\/\/tulitu.eu\/wp\/index.php?rest_route=%2Fwp%2Fv2%2Fcomments&post=1645"}],"version-history":[{"count":2,"href":"https:\/\/tulitu.eu\/wp\/index.php?rest_route=\/wp\/v2\/posts\/1645\/revisions"}],"predecessor-version":[{"id":1709,"href":"https:\/\/tulitu.eu\/wp\/index.php?rest_route=\/wp\/v2\/posts\/1645\/revisions\/1709"}],"wp:attachment":[{"href":"https:\/\/tulitu.eu\/wp\/index.php?rest_route=%2Fwp%2Fv2%2Fmedia&parent=1645"}],"wp:term":[{"taxonomy":"category","embeddable":true,"href":"https:\/\/tulitu.eu\/wp\/index.php?rest_route=%2Fwp%2Fv2%2Fcategories&post=1645"},{"taxonomy":"post_tag","embeddable":true,"href":"https:\/\/tulitu.eu\/wp\/index.php?rest_route=%2Fwp%2Fv2%2Ftags&post=1645"}],"curies":[{"name":"wp","href":"https:\/\/api.w.org\/{rel}","templated":true}]}}