{"id":1587,"date":"2019-08-16T10:28:34","date_gmt":"2019-08-16T10:28:34","guid":{"rendered":"http:\/\/tulitu.eu\/wp\/?p=1587"},"modified":"2019-08-16T10:28:34","modified_gmt":"2019-08-16T10:28:34","slug":"mercredi-18-septembre-a-19h-rencontre-avec-mathilde-chapuis","status":"publish","type":"post","link":"https:\/\/tulitu.eu\/wp\/?p=1587","title":{"rendered":"Mercredi 18 septembre \u00e0 19h Rencontre avec Mathilde Chapuis"},"content":{"rendered":"<p><a href=\"http:\/\/tulitu.eu\/wp\/wp-content\/uploads\/2019\/08\/CHAPUIS3.jpg\"><img loading=\"lazy\" decoding=\"async\" class=\"alignnone size-medium wp-image-1588\" src=\"http:\/\/tulitu.eu\/wp\/wp-content\/uploads\/2019\/08\/CHAPUIS3-300x214.jpg\" alt=\"\" width=\"300\" height=\"214\" srcset=\"https:\/\/tulitu.eu\/wp\/wp-content\/uploads\/2019\/08\/CHAPUIS3-300x214.jpg 300w, https:\/\/tulitu.eu\/wp\/wp-content\/uploads\/2019\/08\/CHAPUIS3-768x547.jpg 768w, https:\/\/tulitu.eu\/wp\/wp-content\/uploads\/2019\/08\/CHAPUIS3-1024x729.jpg 1024w, https:\/\/tulitu.eu\/wp\/wp-content\/uploads\/2019\/08\/CHAPUIS3.jpg 2048w\" sizes=\"auto, (max-width: 300px) 100vw, 300px\" \/><\/a><a href=\"http:\/\/tulitu.eu\/wp\/wp-content\/uploads\/2019\/08\/CHAPUIS2.jpg\"><img loading=\"lazy\" decoding=\"async\" class=\"alignnone  wp-image-1589\" src=\"http:\/\/tulitu.eu\/wp\/wp-content\/uploads\/2019\/08\/CHAPUIS2-200x300.jpg\" alt=\"\" width=\"140\" height=\"210\" srcset=\"https:\/\/tulitu.eu\/wp\/wp-content\/uploads\/2019\/08\/CHAPUIS2-200x300.jpg 200w, https:\/\/tulitu.eu\/wp\/wp-content\/uploads\/2019\/08\/CHAPUIS2-768x1152.jpg 768w, https:\/\/tulitu.eu\/wp\/wp-content\/uploads\/2019\/08\/CHAPUIS2-683x1024.jpg 683w, https:\/\/tulitu.eu\/wp\/wp-content\/uploads\/2019\/08\/CHAPUIS2.jpg 1654w\" sizes=\"auto, (max-width: 140px) 100vw, 140px\" \/><\/a><\/p>\n<p>Nous avons eu un \u00e9norme coup de coeur pour <em>Nafar<\/em>, le premier roman de Mathilde Chapuis publi\u00e9 chez Liana L\u00e9vi.<\/p>\n<p>Le mot de l&#8217;\u00e9ditrice : &#8220;Une nuit d\u2019octobre, c\u2019est sur la rive turque du Meri\u00e7, le fleuve-fronti\u00e8re qui s\u00e9pare l\u2019Orient de l\u2019Europe, qu\u2019une myst\u00e9rieuse narratrice arr\u00eate son regard. Et plus pr\u00e9cis\u00e9ment sur l\u2019homme \u00e9puis\u00e9 qui, dans les buissons de ronces, se cache des soldats charg\u00e9s d\u2019emp\u00eacher les clandestins de passer du c\u00f4t\u00e9 grec. Car celui qui s\u2019appr\u00eate \u00e0 franchir le Meri\u00e7 est un nafar : un sans-droit, un migrant. Retra\u00e7ant pas \u00e0 pas sa p\u00e9rilleuse travers\u00e9e, la narratrice \u00e9maille son r\u00e9cit d\u2019\u00e9chapp\u00e9es sur cette r\u00e9gion meurtrie par l\u2019Histoire et sur le quotidien de tous les Syriens qui, comme l\u2019homme \u00e0 la veste bleue se pr\u00e9parant \u00e0 plonger, cherchent co\u00fbte que co\u00fbte un avenir meilleur loin de la dictature de Bachar al-Assad. Elle est celle qui t\u00e9moigne des combines et des faux d\u00e9parts, imagine ce qu\u2019on lui tait, partage les doutes et les espoirs.Dans ce premier roman bouleversant d\u2019\u00e9motion retenue, Mathilde Chapuis nous conduit au plus pr\u00e8s des obsessions de tous ceux qui n\u2019ont d\u2019autre choix que l\u2019exil.&#8221;<\/p>\n","protected":false},"excerpt":{"rendered":"<p>Nous avons eu un \u00e9norme coup de coeur pour Nafar, le premier roman de Mathilde Chapuis publi\u00e9 chez Liana L\u00e9vi. Le mot de l&#8217;\u00e9ditrice : &#8220;Une nuit d\u2019octobre, c\u2019est sur la rive turque du Meri\u00e7, le fleuve-fronti\u00e8re qui s\u00e9pare l\u2019Orient de l\u2019Europe, qu\u2019une myst\u00e9rieuse narratrice arr\u00eate son regard. Et plus pr\u00e9cis\u00e9ment sur l\u2019homme \u00e9puis\u00e9 qui, &hellip; <a href=\"https:\/\/tulitu.eu\/wp\/?p=1587\" class=\"more-link\">Continue reading <span class=\"screen-reader-text\">Mercredi 18 septembre \u00e0 19h Rencontre avec Mathilde Chapuis<\/span> <span class=\"meta-nav\">&rarr;<\/span><\/a><\/p>\n","protected":false},"author":1,"featured_media":0,"comment_status":"open","ping_status":"open","sticky":false,"template":"","format":"standard","meta":{"footnotes":""},"categories":[2],"tags":[],"class_list":["post-1587","post","type-post","status-publish","format-standard","hentry","category-agenda"],"_links":{"self":[{"href":"https:\/\/tulitu.eu\/wp\/index.php?rest_route=\/wp\/v2\/posts\/1587","targetHints":{"allow":["GET"]}}],"collection":[{"href":"https:\/\/tulitu.eu\/wp\/index.php?rest_route=\/wp\/v2\/posts"}],"about":[{"href":"https:\/\/tulitu.eu\/wp\/index.php?rest_route=\/wp\/v2\/types\/post"}],"author":[{"embeddable":true,"href":"https:\/\/tulitu.eu\/wp\/index.php?rest_route=\/wp\/v2\/users\/1"}],"replies":[{"embeddable":true,"href":"https:\/\/tulitu.eu\/wp\/index.php?rest_route=%2Fwp%2Fv2%2Fcomments&post=1587"}],"version-history":[{"count":1,"href":"https:\/\/tulitu.eu\/wp\/index.php?rest_route=\/wp\/v2\/posts\/1587\/revisions"}],"predecessor-version":[{"id":1590,"href":"https:\/\/tulitu.eu\/wp\/index.php?rest_route=\/wp\/v2\/posts\/1587\/revisions\/1590"}],"wp:attachment":[{"href":"https:\/\/tulitu.eu\/wp\/index.php?rest_route=%2Fwp%2Fv2%2Fmedia&parent=1587"}],"wp:term":[{"taxonomy":"category","embeddable":true,"href":"https:\/\/tulitu.eu\/wp\/index.php?rest_route=%2Fwp%2Fv2%2Fcategories&post=1587"},{"taxonomy":"post_tag","embeddable":true,"href":"https:\/\/tulitu.eu\/wp\/index.php?rest_route=%2Fwp%2Fv2%2Ftags&post=1587"}],"curies":[{"name":"wp","href":"https:\/\/api.w.org\/{rel}","templated":true}]}}