{"id":1583,"date":"2019-08-16T10:18:46","date_gmt":"2019-08-16T10:18:46","guid":{"rendered":"http:\/\/tulitu.eu\/wp\/?p=1583"},"modified":"2019-08-16T10:25:46","modified_gmt":"2019-08-16T10:25:46","slug":"mardi-17-septembre-a-19h-rencontre-avec-veronika-mabardi","status":"publish","type":"post","link":"https:\/\/tulitu.eu\/wp\/?p=1583","title":{"rendered":"Mardi 17 septembre \u00e0 19h Rencontre avec Veronika Mabardi"},"content":{"rendered":"<p><a href=\"http:\/\/tulitu.eu\/wp\/wp-content\/uploads\/2019\/08\/mabardi2.jpg\"><img loading=\"lazy\" decoding=\"async\" class=\"alignnone size-medium wp-image-1584\" src=\"http:\/\/tulitu.eu\/wp\/wp-content\/uploads\/2019\/08\/mabardi2-212x300.jpg\" alt=\"\" width=\"212\" height=\"300\" srcset=\"https:\/\/tulitu.eu\/wp\/wp-content\/uploads\/2019\/08\/mabardi2-212x300.jpg 212w, https:\/\/tulitu.eu\/wp\/wp-content\/uploads\/2019\/08\/mabardi2.jpg 527w\" sizes=\"auto, (max-width: 212px) 100vw, 212px\" \/><\/a><a href=\"http:\/\/tulitu.eu\/wp\/wp-content\/uploads\/2019\/08\/mabardi.jpg\"><img loading=\"lazy\" decoding=\"async\" class=\"alignnone size-medium wp-image-1585\" src=\"http:\/\/tulitu.eu\/wp\/wp-content\/uploads\/2019\/08\/mabardi-220x300.jpg\" alt=\"\" width=\"220\" height=\"300\" srcset=\"https:\/\/tulitu.eu\/wp\/wp-content\/uploads\/2019\/08\/mabardi-220x300.jpg 220w, https:\/\/tulitu.eu\/wp\/wp-content\/uploads\/2019\/08\/mabardi.jpg 352w\" sizes=\"auto, (max-width: 220px) 100vw, 220px\" \/><\/a><\/p>\n<p>Veronika Mabardi vit \u00e0 Bruxelles. Elle est com\u00e9dienne de formation et a commenc\u00e9 \u00e0 \u00e9crire pour le th\u00e9\u00e2tre dans les compagnies Les Ateliers de l\u2019\u00e9change et Ricochets.<br \/>\nElle se consacre aujourd\u2019hui principalement \u00e0 l\u2019\u00e9criture et \u00e0 la cr\u00e9ation radiophonique. Elle anime et co-anime r\u00e9guli\u00e8rement des ateliers d\u2019\u00e9criture ou de rencontre transdisciplinaire.<br \/>\nElle collabore avec diff\u00e9rentes artistes sur des projets en dialogue avec les arts plastiques, la photo, la danse, la musique.<\/p>\n<p>Publi\u00e9 chez Esperlu\u00e8te, <em>Peau de louve<\/em> est un re\u0301cit-conte, inspir\u00e9 de la tradition ancestrale des contes oraux qui nous viennent des fore\u0302ts profondes du Canada, de la selva d\u2019Ame\u0301rique Latine, ou plus simplement des Ardennes belges. Peau de louve partage avec toutes ces histoires une ide\u0301e vieille comme le monde : enfonce-toi dans la fore\u0302t, une e\u0301preuve t\u2019y attend, qui te transformera&#8230;\u00a0 A\u0300 l\u2019envie de conter s\u2019ajoute le plaisir de jouer avec la forme, d\u2019imposer un rythme qui structure la fable, re\u0301miniscences du re\u0301pertoire poe\u0301tique franc\u0327ais. Une structure en alexandrins se dessine, pour le plus grand plaisir de l\u2019auteur et du lecteur.&#8221;<\/p>\n<p>Veronika Mabardi continue d\u2019explorer les the\u0300mes chers a\u0300 son e\u0301criture : la perte des mots et la parole qui gue\u0301rit, le retour a\u0300 la nature comme un passage apre\u0300s l\u2019enfance, l\u2019importance de se fier a\u0300 son instinct.<\/p>\n<p>Pour la quatrie\u0300me fois, Alexandra Duprez l\u2019accompagne de ses huiles sur carton. Leurs univers se croisent a\u0300 merveille et une ve\u0301ritable connivence formelle se construit, entre elles deux, au fil des livres et du temps.<\/p>\n","protected":false},"excerpt":{"rendered":"<p>Veronika Mabardi vit \u00e0 Bruxelles. Elle est com\u00e9dienne de formation et a commenc\u00e9 \u00e0 \u00e9crire pour le th\u00e9\u00e2tre dans les compagnies Les Ateliers de l\u2019\u00e9change et Ricochets. Elle se consacre aujourd\u2019hui principalement \u00e0 l\u2019\u00e9criture et \u00e0 la cr\u00e9ation radiophonique. Elle anime et co-anime r\u00e9guli\u00e8rement des ateliers d\u2019\u00e9criture ou de rencontre transdisciplinaire. Elle collabore avec diff\u00e9rentes &hellip; <a href=\"https:\/\/tulitu.eu\/wp\/?p=1583\" class=\"more-link\">Continue reading <span class=\"screen-reader-text\">Mardi 17 septembre \u00e0 19h Rencontre avec Veronika Mabardi<\/span> <span class=\"meta-nav\">&rarr;<\/span><\/a><\/p>\n","protected":false},"author":1,"featured_media":0,"comment_status":"open","ping_status":"open","sticky":false,"template":"","format":"standard","meta":{"footnotes":""},"categories":[2],"tags":[],"class_list":["post-1583","post","type-post","status-publish","format-standard","hentry","category-agenda"],"_links":{"self":[{"href":"https:\/\/tulitu.eu\/wp\/index.php?rest_route=\/wp\/v2\/posts\/1583","targetHints":{"allow":["GET"]}}],"collection":[{"href":"https:\/\/tulitu.eu\/wp\/index.php?rest_route=\/wp\/v2\/posts"}],"about":[{"href":"https:\/\/tulitu.eu\/wp\/index.php?rest_route=\/wp\/v2\/types\/post"}],"author":[{"embeddable":true,"href":"https:\/\/tulitu.eu\/wp\/index.php?rest_route=\/wp\/v2\/users\/1"}],"replies":[{"embeddable":true,"href":"https:\/\/tulitu.eu\/wp\/index.php?rest_route=%2Fwp%2Fv2%2Fcomments&post=1583"}],"version-history":[{"count":1,"href":"https:\/\/tulitu.eu\/wp\/index.php?rest_route=\/wp\/v2\/posts\/1583\/revisions"}],"predecessor-version":[{"id":1586,"href":"https:\/\/tulitu.eu\/wp\/index.php?rest_route=\/wp\/v2\/posts\/1583\/revisions\/1586"}],"wp:attachment":[{"href":"https:\/\/tulitu.eu\/wp\/index.php?rest_route=%2Fwp%2Fv2%2Fmedia&parent=1583"}],"wp:term":[{"taxonomy":"category","embeddable":true,"href":"https:\/\/tulitu.eu\/wp\/index.php?rest_route=%2Fwp%2Fv2%2Fcategories&post=1583"},{"taxonomy":"post_tag","embeddable":true,"href":"https:\/\/tulitu.eu\/wp\/index.php?rest_route=%2Fwp%2Fv2%2Ftags&post=1583"}],"curies":[{"name":"wp","href":"https:\/\/api.w.org\/{rel}","templated":true}]}}