{"id":1537,"date":"2019-04-13T17:30:16","date_gmt":"2019-04-13T17:30:16","guid":{"rendered":"http:\/\/tulitu.eu\/wp\/?p=1537"},"modified":"2019-04-25T15:39:08","modified_gmt":"2019-04-25T15:39:08","slug":"mercredi-5-juin-a-19h-rencontre-et-dedicaces-avec-claire-duplan","status":"publish","type":"post","link":"https:\/\/tulitu.eu\/wp\/?p=1537","title":{"rendered":"Mercredi 5 juin \u00e0 19h &#8211; Rencontre et d\u00e9dicaces avec Claire Duplan"},"content":{"rendered":"<p><a href=\"http:\/\/tulitu.eu\/wp\/wp-content\/uploads\/2019\/04\/claireduplan2.jpg\"><img loading=\"lazy\" decoding=\"async\" class=\"alignnone size-medium wp-image-1538\" src=\"http:\/\/tulitu.eu\/wp\/wp-content\/uploads\/2019\/04\/claireduplan2-300x157.jpg\" alt=\"\" width=\"300\" height=\"157\" srcset=\"https:\/\/tulitu.eu\/wp\/wp-content\/uploads\/2019\/04\/claireduplan2-300x157.jpg 300w, https:\/\/tulitu.eu\/wp\/wp-content\/uploads\/2019\/04\/claireduplan2-768x402.jpg 768w, https:\/\/tulitu.eu\/wp\/wp-content\/uploads\/2019\/04\/claireduplan2-1024x536.jpg 1024w, https:\/\/tulitu.eu\/wp\/wp-content\/uploads\/2019\/04\/claireduplan2.jpg 1200w\" sizes=\"auto, (max-width: 300px) 100vw, 300px\" \/><\/a><\/p>\n<p>Claire Duplan est illustratrice et autrice de bande dessin\u00e9e.<br \/>\nEn 2016, elle est dipl\u00f4m\u00e9e de l\u2019\u00c9cole nationale sup\u00e9rieure des Arts d\u00e9coratifs avec son projet de fanzine f\u00e9ministe None of my Jelly Roll, qui, sous forme de BD et de photos-romans, compile r\u00e9cits, t\u00e9moignages et regards sur l\u2019actualit\u00e9.<br \/>\nElle nous livre une imagerie f\u00e9ministe contemporaine qui conjugue affirmation radicale, couleurs et l\u00e9g\u00e8ret\u00e9.<\/p>\n<p><em>Camel Joe<\/em> est son premier album de bande dessin\u00e9e, disponible aux <a href=\"https:\/\/www.facebook.com\/editionsruedelechiquier\/\" target=\"_blank\" rel=\"noopener\">\u00c9ditions Rue de l&#8217;\u00e9chiquier<\/a> : &#8220;Quand une jeune femme s&#8217;invente une alter ego justici\u00e8re pour s&#8217;insurger contre le sexisme de notre soci\u00e9t\u00e9&#8221;.<\/p>\n<p>Apr\u00e8s la rencontre, Claire se fera un plaisir de d\u00e9dicacer sa BD autour d&#8217;un verre de l&#8217;amiti\u00e9.<\/p>\n<p><a href=\"http:\/\/tulitu.eu\/wp\/wp-content\/uploads\/2018\/06\/logo_FWB.jpg\"><img loading=\"lazy\" decoding=\"async\" class=\"alignnone size-medium wp-image-1165\" src=\"http:\/\/tulitu.eu\/wp\/wp-content\/uploads\/2018\/06\/logo_FWB-300x87.jpg\" alt=\"\" width=\"300\" height=\"87\" srcset=\"https:\/\/tulitu.eu\/wp\/wp-content\/uploads\/2018\/06\/logo_FWB-300x87.jpg 300w, https:\/\/tulitu.eu\/wp\/wp-content\/uploads\/2018\/06\/logo_FWB-768x224.jpg 768w, https:\/\/tulitu.eu\/wp\/wp-content\/uploads\/2018\/06\/logo_FWB-1024x299.jpg 1024w, https:\/\/tulitu.eu\/wp\/wp-content\/uploads\/2018\/06\/logo_FWB.jpg 1382w\" sizes=\"auto, (max-width: 300px) 100vw, 300px\" \/><\/a><\/p>\n","protected":false},"excerpt":{"rendered":"<p>Claire Duplan est illustratrice et autrice de bande dessin\u00e9e. En 2016, elle est dipl\u00f4m\u00e9e de l\u2019\u00c9cole nationale sup\u00e9rieure des Arts d\u00e9coratifs avec son projet de fanzine f\u00e9ministe None of my Jelly Roll, qui, sous forme de BD et de photos-romans, compile r\u00e9cits, t\u00e9moignages et regards sur l\u2019actualit\u00e9. Elle nous livre une imagerie f\u00e9ministe contemporaine qui &hellip; <a href=\"https:\/\/tulitu.eu\/wp\/?p=1537\" class=\"more-link\">Continue reading <span class=\"screen-reader-text\">Mercredi 5 juin \u00e0 19h &#8211; Rencontre et d\u00e9dicaces avec Claire Duplan<\/span> <span class=\"meta-nav\">&rarr;<\/span><\/a><\/p>\n","protected":false},"author":1,"featured_media":0,"comment_status":"open","ping_status":"open","sticky":false,"template":"","format":"standard","meta":{"footnotes":""},"categories":[2],"tags":[],"class_list":["post-1537","post","type-post","status-publish","format-standard","hentry","category-agenda"],"_links":{"self":[{"href":"https:\/\/tulitu.eu\/wp\/index.php?rest_route=\/wp\/v2\/posts\/1537","targetHints":{"allow":["GET"]}}],"collection":[{"href":"https:\/\/tulitu.eu\/wp\/index.php?rest_route=\/wp\/v2\/posts"}],"about":[{"href":"https:\/\/tulitu.eu\/wp\/index.php?rest_route=\/wp\/v2\/types\/post"}],"author":[{"embeddable":true,"href":"https:\/\/tulitu.eu\/wp\/index.php?rest_route=\/wp\/v2\/users\/1"}],"replies":[{"embeddable":true,"href":"https:\/\/tulitu.eu\/wp\/index.php?rest_route=%2Fwp%2Fv2%2Fcomments&post=1537"}],"version-history":[{"count":2,"href":"https:\/\/tulitu.eu\/wp\/index.php?rest_route=\/wp\/v2\/posts\/1537\/revisions"}],"predecessor-version":[{"id":1546,"href":"https:\/\/tulitu.eu\/wp\/index.php?rest_route=\/wp\/v2\/posts\/1537\/revisions\/1546"}],"wp:attachment":[{"href":"https:\/\/tulitu.eu\/wp\/index.php?rest_route=%2Fwp%2Fv2%2Fmedia&parent=1537"}],"wp:term":[{"taxonomy":"category","embeddable":true,"href":"https:\/\/tulitu.eu\/wp\/index.php?rest_route=%2Fwp%2Fv2%2Fcategories&post=1537"},{"taxonomy":"post_tag","embeddable":true,"href":"https:\/\/tulitu.eu\/wp\/index.php?rest_route=%2Fwp%2Fv2%2Ftags&post=1537"}],"curies":[{"name":"wp","href":"https:\/\/api.w.org\/{rel}","templated":true}]}}