{"id":1532,"date":"2019-04-13T17:09:33","date_gmt":"2019-04-13T17:09:33","guid":{"rendered":"http:\/\/tulitu.eu\/wp\/?p=1532"},"modified":"2019-04-25T15:41:16","modified_gmt":"2019-04-25T15:41:16","slug":"mardi-28-mai-a-19h-rencontre-avec-eric-plamondon-2","status":"publish","type":"post","link":"https:\/\/tulitu.eu\/wp\/?p=1532","title":{"rendered":"Mardi 28 mai \u00e0 19h Rencontre avec Eric Plamondon"},"content":{"rendered":"<p><a href=\"http:\/\/tulitu.eu\/wp\/wp-content\/uploads\/2019\/04\/plamondon.jpg\"><img loading=\"lazy\" decoding=\"async\" class=\"alignnone size-medium wp-image-1533\" src=\"http:\/\/tulitu.eu\/wp\/wp-content\/uploads\/2019\/04\/plamondon-214x300.jpg\" alt=\"\" width=\"214\" height=\"300\" srcset=\"https:\/\/tulitu.eu\/wp\/wp-content\/uploads\/2019\/04\/plamondon-214x300.jpg 214w, https:\/\/tulitu.eu\/wp\/wp-content\/uploads\/2019\/04\/plamondon-768x1075.jpg 768w, https:\/\/tulitu.eu\/wp\/wp-content\/uploads\/2019\/04\/plamondon-731x1024.jpg 731w, https:\/\/tulitu.eu\/wp\/wp-content\/uploads\/2019\/04\/plamondon.jpg 2000w\" sizes=\"auto, (max-width: 214px) 100vw, 214px\" \/><\/a><\/p>\n<p>Bienvenue \u00e0 la rencontre avec l&#8217;auteur qu\u00e9b\u00e9cois Eric Plamondon \u00e0 l&#8217;occasion de la parution de son roman <em>Oyana<\/em> chez <a href=\"https:\/\/www.facebook.com\/quidam.editeur\/\" target=\"_blank\" rel=\"noopener\">Quidam Editeur<\/a> et de 1984 paru chez <a href=\"https:\/\/www.facebook.com\/lequartanier\/\" target=\"_blank\" rel=\"noopener\">Le Quartanier \u00c9diteur<\/a>. Son dernier roman traite des liens entre le Qu\u00e9bec et le pays basque.<\/p>\n<p>N\u00e9 au Qu\u00e9bec en 1969, \u00c9ric Plamondon a \u00e9tudi\u00e9 le journalisme \u00e0 l\u2019universit\u00e9 Laval et la litt\u00e9rature \u00e0 l\u2019UQ\u00c0M (Universit\u00e9 du Qu\u00e9bec \u00e0 Montr\u00e9al). Il vit aujourd\u2019hui \u00e0 Bordeaux et a publi\u00e9 aux \u00e9ditions Le Quartanier au Canada la trilogie\u00a0 <em>1984<\/em>, compos\u00e9e de Hongrie-Hollywood Express, Mayonnaise, et Pomme S ainsi, une novela intitul\u00e9e <em>Ristigouche<\/em>.<\/p>\n<p>Il a publi\u00e9 \u00e9galement <em>Taqawan<\/em> chez Quidam.<\/p>\n<p>Avec le soutien de la D\u00e9l\u00e9gation g\u00e9n\u00e9rale du Qu\u00e9bec \u00e0 Bruxelles<\/p>\n","protected":false},"excerpt":{"rendered":"<p>Bienvenue \u00e0 la rencontre avec l&#8217;auteur qu\u00e9b\u00e9cois Eric Plamondon \u00e0 l&#8217;occasion de la parution de son roman Oyana chez Quidam Editeur et de 1984 paru chez Le Quartanier \u00c9diteur. Son dernier roman traite des liens entre le Qu\u00e9bec et le pays basque. N\u00e9 au Qu\u00e9bec en 1969, \u00c9ric Plamondon a \u00e9tudi\u00e9 le journalisme \u00e0 l\u2019universit\u00e9 &hellip; <a href=\"https:\/\/tulitu.eu\/wp\/?p=1532\" class=\"more-link\">Continue reading <span class=\"screen-reader-text\">Mardi 28 mai \u00e0 19h Rencontre avec Eric Plamondon<\/span> <span class=\"meta-nav\">&rarr;<\/span><\/a><\/p>\n","protected":false},"author":1,"featured_media":0,"comment_status":"open","ping_status":"open","sticky":false,"template":"","format":"standard","meta":{"footnotes":""},"categories":[2],"tags":[],"class_list":["post-1532","post","type-post","status-publish","format-standard","hentry","category-agenda"],"_links":{"self":[{"href":"https:\/\/tulitu.eu\/wp\/index.php?rest_route=\/wp\/v2\/posts\/1532","targetHints":{"allow":["GET"]}}],"collection":[{"href":"https:\/\/tulitu.eu\/wp\/index.php?rest_route=\/wp\/v2\/posts"}],"about":[{"href":"https:\/\/tulitu.eu\/wp\/index.php?rest_route=\/wp\/v2\/types\/post"}],"author":[{"embeddable":true,"href":"https:\/\/tulitu.eu\/wp\/index.php?rest_route=\/wp\/v2\/users\/1"}],"replies":[{"embeddable":true,"href":"https:\/\/tulitu.eu\/wp\/index.php?rest_route=%2Fwp%2Fv2%2Fcomments&post=1532"}],"version-history":[{"count":4,"href":"https:\/\/tulitu.eu\/wp\/index.php?rest_route=\/wp\/v2\/posts\/1532\/revisions"}],"predecessor-version":[{"id":1547,"href":"https:\/\/tulitu.eu\/wp\/index.php?rest_route=\/wp\/v2\/posts\/1532\/revisions\/1547"}],"wp:attachment":[{"href":"https:\/\/tulitu.eu\/wp\/index.php?rest_route=%2Fwp%2Fv2%2Fmedia&parent=1532"}],"wp:term":[{"taxonomy":"category","embeddable":true,"href":"https:\/\/tulitu.eu\/wp\/index.php?rest_route=%2Fwp%2Fv2%2Fcategories&post=1532"},{"taxonomy":"post_tag","embeddable":true,"href":"https:\/\/tulitu.eu\/wp\/index.php?rest_route=%2Fwp%2Fv2%2Ftags&post=1532"}],"curies":[{"name":"wp","href":"https:\/\/api.w.org\/{rel}","templated":true}]}}