{"id":141,"date":"2015-04-25T17:11:13","date_gmt":"2015-04-25T17:11:13","guid":{"rendered":"http:\/\/tulitu.eu\/wp\/?p=141"},"modified":"2015-04-25T17:16:13","modified_gmt":"2015-04-25T17:16:13","slug":"michel-dufranne-presente-bruxelles-noir","status":"publish","type":"post","link":"https:\/\/tulitu.eu\/wp\/?p=141","title":{"rendered":"Michel Dufranne pr\u00e9sente &#8220;Bruxelles Noir&#8221;"},"content":{"rendered":"<p><a href=\"http:\/\/tulitu.eu\/wp\/wp-content\/uploads\/2015\/04\/bruxellesnoir.jpeg\"><img loading=\"lazy\" decoding=\"async\" class=\"alignnone size-medium wp-image-142\" src=\"http:\/\/tulitu.eu\/wp\/wp-content\/uploads\/2015\/04\/bruxellesnoir-218x300.jpeg\" alt=\"bruxellesnoir\" width=\"218\" height=\"300\" srcset=\"https:\/\/tulitu.eu\/wp\/wp-content\/uploads\/2015\/04\/bruxellesnoir-218x300.jpeg 218w, https:\/\/tulitu.eu\/wp\/wp-content\/uploads\/2015\/04\/bruxellesnoir-743x1024.jpeg 743w, https:\/\/tulitu.eu\/wp\/wp-content\/uploads\/2015\/04\/bruxellesnoir.jpeg 800w\" sizes=\"auto, (max-width: 218px) 100vw, 218px\" \/><\/a><\/p>\n<p>Le livre <i>Bruxelles Noir<\/i> est enfin sur nos rayons ! Treize auteurs ont \u00e9t\u00e9 choisis par Michel Dufranne pour r\u00e9v\u00e9ler leur quartier bruxellois. Loin des clich\u00e9s et des poncifs, voici des histoires surr\u00e9alistes, dr\u00f4les, tristes, d\u00e9rangeantes, qui c\u00e9l\u00e8brent la ville et vous la fera voir d&#8217;un oeil tout-\u00e0-fait surprenant !<\/p>\n<p>TULITU est heureuse d&#8217;accueillir Michel Dufranne et quatre des auteurs :<\/p>\n<p>Katia Lanero Zamora et Matongu\u00e9<\/p>\n<p>Edgar Kosma et la rue de Flandre<\/p>\n<p>Patrick Delperdange et la rue d&#8217;Aerschot<\/p>\n<p>Kenan G\u00f6rg\u00fcn et les abattoirs d&#8217;Anderlecht<\/p>\n<p><strong>Quand\u00a0? Le jeudi 7 mai \u00e0 20h<\/strong><\/p>\n","protected":false},"excerpt":{"rendered":"<p>Le livre Bruxelles Noir est enfin sur nos rayons ! Treize auteurs ont \u00e9t\u00e9 choisis par Michel Dufranne pour r\u00e9v\u00e9ler leur quartier bruxellois. Loin des clich\u00e9s et des poncifs, voici des histoires surr\u00e9alistes, dr\u00f4les, tristes, d\u00e9rangeantes, qui c\u00e9l\u00e8brent la ville et vous la fera voir d&#8217;un oeil tout-\u00e0-fait surprenant ! TULITU est heureuse d&#8217;accueillir Michel &hellip; <a href=\"https:\/\/tulitu.eu\/wp\/?p=141\" class=\"more-link\">Continue reading <span class=\"screen-reader-text\">Michel Dufranne pr\u00e9sente &#8220;Bruxelles Noir&#8221;<\/span> <span class=\"meta-nav\">&rarr;<\/span><\/a><\/p>\n","protected":false},"author":1,"featured_media":0,"comment_status":"open","ping_status":"open","sticky":false,"template":"","format":"standard","meta":{"footnotes":""},"categories":[1],"tags":[],"class_list":["post-141","post","type-post","status-publish","format-standard","hentry","category-non-classe"],"_links":{"self":[{"href":"https:\/\/tulitu.eu\/wp\/index.php?rest_route=\/wp\/v2\/posts\/141","targetHints":{"allow":["GET"]}}],"collection":[{"href":"https:\/\/tulitu.eu\/wp\/index.php?rest_route=\/wp\/v2\/posts"}],"about":[{"href":"https:\/\/tulitu.eu\/wp\/index.php?rest_route=\/wp\/v2\/types\/post"}],"author":[{"embeddable":true,"href":"https:\/\/tulitu.eu\/wp\/index.php?rest_route=\/wp\/v2\/users\/1"}],"replies":[{"embeddable":true,"href":"https:\/\/tulitu.eu\/wp\/index.php?rest_route=%2Fwp%2Fv2%2Fcomments&post=141"}],"version-history":[{"count":2,"href":"https:\/\/tulitu.eu\/wp\/index.php?rest_route=\/wp\/v2\/posts\/141\/revisions"}],"predecessor-version":[{"id":144,"href":"https:\/\/tulitu.eu\/wp\/index.php?rest_route=\/wp\/v2\/posts\/141\/revisions\/144"}],"wp:attachment":[{"href":"https:\/\/tulitu.eu\/wp\/index.php?rest_route=%2Fwp%2Fv2%2Fmedia&parent=141"}],"wp:term":[{"taxonomy":"category","embeddable":true,"href":"https:\/\/tulitu.eu\/wp\/index.php?rest_route=%2Fwp%2Fv2%2Fcategories&post=141"},{"taxonomy":"post_tag","embeddable":true,"href":"https:\/\/tulitu.eu\/wp\/index.php?rest_route=%2Fwp%2Fv2%2Ftags&post=141"}],"curies":[{"name":"wp","href":"https:\/\/api.w.org\/{rel}","templated":true}]}}