{"id":1382,"date":"2019-02-25T18:12:40","date_gmt":"2019-02-25T18:12:40","guid":{"rendered":"http:\/\/tulitu.eu\/wp\/?p=1382"},"modified":"2019-02-26T11:11:13","modified_gmt":"2019-02-26T11:11:13","slug":"mercredi-13-mars-a-19h-rencontre-avec-genevieve-morand","status":"publish","type":"post","link":"https:\/\/tulitu.eu\/wp\/?p=1382","title":{"rendered":"Mercredi 13 mars \u00e0 19h &#8211; Rencontre avec Genevi\u00e8ve Morand"},"content":{"rendered":"<p>&nbsp;<\/p>\n<p><a href=\"http:\/\/tulitu.eu\/wp\/wp-content\/uploads\/2019\/02\/52449415_2364206360478020_8889782734428307456_n.jpg\"><img loading=\"lazy\" decoding=\"async\" class=\"alignnone size-medium wp-image-1383\" src=\"http:\/\/tulitu.eu\/wp\/wp-content\/uploads\/2019\/02\/52449415_2364206360478020_8889782734428307456_n-199x300.jpg\" alt=\"\" width=\"199\" height=\"300\" srcset=\"https:\/\/tulitu.eu\/wp\/wp-content\/uploads\/2019\/02\/52449415_2364206360478020_8889782734428307456_n-199x300.jpg 199w, https:\/\/tulitu.eu\/wp\/wp-content\/uploads\/2019\/02\/52449415_2364206360478020_8889782734428307456_n.jpg 636w\" sizes=\"auto, (max-width: 199px) 100vw, 199px\" \/><\/a><a href=\"http:\/\/tulitu.eu\/wp\/wp-content\/uploads\/2019\/02\/NaGen.jpg\"><img loading=\"lazy\" decoding=\"async\" class=\"alignnone size-medium wp-image-1391\" src=\"http:\/\/tulitu.eu\/wp\/wp-content\/uploads\/2019\/02\/NaGen-300x191.jpg\" alt=\"\" width=\"300\" height=\"191\" srcset=\"https:\/\/tulitu.eu\/wp\/wp-content\/uploads\/2019\/02\/NaGen-300x191.jpg 300w, https:\/\/tulitu.eu\/wp\/wp-content\/uploads\/2019\/02\/NaGen-768x488.jpg 768w, https:\/\/tulitu.eu\/wp\/wp-content\/uploads\/2019\/02\/NaGen-1024x651.jpg 1024w, https:\/\/tulitu.eu\/wp\/wp-content\/uploads\/2019\/02\/NaGen.jpg 1371w\" sizes=\"auto, (max-width: 300px) 100vw, 300px\" \/><\/a><\/p>\n<p>Bienvenue \u00e0 Genevi\u00e8ve Morand qui a publi\u00e9 avec Natalie-Ann Roy aux <a href=\"https:\/\/www.facebook.com\/editionsrm\/\" target=\"_blank\" rel=\"noopener\">\u00c9ditions du remue-m\u00e9nage<\/a> le livre &#8220;Lib\u00e9rer la col\u00e8re&#8221;.<\/p>\n<p>Genevi\u00e8ve Morand et Natalie-Ann Roy croient que si les femmes manquent de pratique, leur col\u00e8re est n\u00e9cessaire. Elles ont d\u00e9cid\u00e9 de la prendre au s\u00e9rieux, et de lui ouvrir un espace. Cette col\u00e8re accumul\u00e9e, longtemps cach\u00e9e pour pr\u00e9server les apparences d\u2019harmonie, se d\u00e9ploie ici comme une puissance politique m\u00e9connue. Ce livre rassemble les t\u00e9moignages, les coups de gueule et les r\u00e9flexions d\u2019auteures aux r\u00e9alit\u00e9s vari\u00e9es. Ensemble, elles pulv\u00e9risent le mythe de la femme supportant les outrages en silence, comme celui de l\u2019hyst\u00e9rique aux emportements absurdes. Leur indignation s\u2019explique et s\u2019assume; encore faut-il avoir le courage de les \u00e9couter\u2026<\/p>\n<p>Avec des textes de Dalila Awada, Laurence Bergeron, Pascale B\u00e9rub\u00e9, Emilie Sarah Caravecchia, Natacha Clitandre, Sabrina Clitandre, Yolande Cohen, Alexa Conradi, Toula Drimonis, Anne Florentiny, Kristen Ford, \u00c9lodie Gagnon, Am\u00e9lie Gillenn, Andr\u00e9anne Graton, Ga\u00eblle Graton, V\u00e9ronique Grenier, Marilyse Hamelin, Mariane Labrecque, Aur\u00e9lie Lanct\u00f4t, Marie-Laure Landais, Marie-Claude Lortie, Melissa Mollen Dupuis, Genevi\u00e8ve Morand, P\u00e9n\u00e9lope McQuade, V\u00e9ronique Pion, No\u00e9mie Pomerleau-Cloutier, Marianne Prairie, Natalie-Ann Roy, Shahad Salman, Carolane Stratis, Josiane Stratis, Elkahna Talbi (Queen Ka), Danielle Veilleux, Jocelyne Veilleux, Cathy Wong.<\/p>\n","protected":false},"excerpt":{"rendered":"<p>&nbsp; Bienvenue \u00e0 Genevi\u00e8ve Morand qui a publi\u00e9 avec Natalie-Ann Roy aux \u00c9ditions du remue-m\u00e9nage le livre &#8220;Lib\u00e9rer la col\u00e8re&#8221;. Genevi\u00e8ve Morand et Natalie-Ann Roy croient que si les femmes manquent de pratique, leur col\u00e8re est n\u00e9cessaire. Elles ont d\u00e9cid\u00e9 de la prendre au s\u00e9rieux, et de lui ouvrir un espace. Cette col\u00e8re accumul\u00e9e, longtemps &hellip; <a href=\"https:\/\/tulitu.eu\/wp\/?p=1382\" class=\"more-link\">Continue reading <span class=\"screen-reader-text\">Mercredi 13 mars \u00e0 19h &#8211; Rencontre avec Genevi\u00e8ve Morand<\/span> <span class=\"meta-nav\">&rarr;<\/span><\/a><\/p>\n","protected":false},"author":1,"featured_media":0,"comment_status":"open","ping_status":"open","sticky":false,"template":"","format":"standard","meta":{"footnotes":""},"categories":[2],"tags":[],"class_list":["post-1382","post","type-post","status-publish","format-standard","hentry","category-agenda"],"_links":{"self":[{"href":"https:\/\/tulitu.eu\/wp\/index.php?rest_route=\/wp\/v2\/posts\/1382","targetHints":{"allow":["GET"]}}],"collection":[{"href":"https:\/\/tulitu.eu\/wp\/index.php?rest_route=\/wp\/v2\/posts"}],"about":[{"href":"https:\/\/tulitu.eu\/wp\/index.php?rest_route=\/wp\/v2\/types\/post"}],"author":[{"embeddable":true,"href":"https:\/\/tulitu.eu\/wp\/index.php?rest_route=\/wp\/v2\/users\/1"}],"replies":[{"embeddable":true,"href":"https:\/\/tulitu.eu\/wp\/index.php?rest_route=%2Fwp%2Fv2%2Fcomments&post=1382"}],"version-history":[{"count":2,"href":"https:\/\/tulitu.eu\/wp\/index.php?rest_route=\/wp\/v2\/posts\/1382\/revisions"}],"predecessor-version":[{"id":1392,"href":"https:\/\/tulitu.eu\/wp\/index.php?rest_route=\/wp\/v2\/posts\/1382\/revisions\/1392"}],"wp:attachment":[{"href":"https:\/\/tulitu.eu\/wp\/index.php?rest_route=%2Fwp%2Fv2%2Fmedia&parent=1382"}],"wp:term":[{"taxonomy":"category","embeddable":true,"href":"https:\/\/tulitu.eu\/wp\/index.php?rest_route=%2Fwp%2Fv2%2Fcategories&post=1382"},{"taxonomy":"post_tag","embeddable":true,"href":"https:\/\/tulitu.eu\/wp\/index.php?rest_route=%2Fwp%2Fv2%2Ftags&post=1382"}],"curies":[{"name":"wp","href":"https:\/\/api.w.org\/{rel}","templated":true}]}}