{"id":1379,"date":"2019-02-25T18:09:41","date_gmt":"2019-02-25T18:09:41","guid":{"rendered":"http:\/\/tulitu.eu\/wp\/?p=1379"},"modified":"2019-02-25T18:09:41","modified_gmt":"2019-02-25T18:09:41","slug":"dimanche-10-mars-a-15h-rencontre-et-dedicaces-avec-lillustratrice-elea-jaminon","status":"publish","type":"post","link":"https:\/\/tulitu.eu\/wp\/?p=1379","title":{"rendered":"Dimanche 10 mars \u00e0 15h &#8211; Rencontre et d\u00e9dicaces avec l&#8217;illustratrice El\u00e9a Jaminon"},"content":{"rendered":"<p><a href=\"http:\/\/tulitu.eu\/wp\/wp-content\/uploads\/2019\/02\/53100480_2362362113995778_5974367991989534720_n.jpg\"><img loading=\"lazy\" decoding=\"async\" class=\"alignnone size-medium wp-image-1380\" src=\"http:\/\/tulitu.eu\/wp\/wp-content\/uploads\/2019\/02\/53100480_2362362113995778_5974367991989534720_n-225x300.jpg\" alt=\"\" width=\"225\" height=\"300\" srcset=\"https:\/\/tulitu.eu\/wp\/wp-content\/uploads\/2019\/02\/53100480_2362362113995778_5974367991989534720_n-225x300.jpg 225w, https:\/\/tulitu.eu\/wp\/wp-content\/uploads\/2019\/02\/53100480_2362362113995778_5974367991989534720_n.jpg 720w\" sizes=\"auto, (max-width: 225px) 100vw, 225px\" \/><\/a><\/p>\n<p>A 10 ans, El\u00e9a Jaminon a r\u00e9alis\u00e9 les dessins de l&#8217;album jeunesse &#8220;Bienvenue \u00e0 P\u00e9taradeville&#8221;.<\/p>\n<p>Bienvenue chez nous!<\/p>\n","protected":false},"excerpt":{"rendered":"<p>A 10 ans, El\u00e9a Jaminon a r\u00e9alis\u00e9 les dessins de l&#8217;album jeunesse &#8220;Bienvenue \u00e0 P\u00e9taradeville&#8221;. Bienvenue chez nous!<\/p>\n","protected":false},"author":1,"featured_media":0,"comment_status":"open","ping_status":"open","sticky":false,"template":"","format":"standard","meta":{"footnotes":""},"categories":[2],"tags":[],"class_list":["post-1379","post","type-post","status-publish","format-standard","hentry","category-agenda"],"_links":{"self":[{"href":"https:\/\/tulitu.eu\/wp\/index.php?rest_route=\/wp\/v2\/posts\/1379","targetHints":{"allow":["GET"]}}],"collection":[{"href":"https:\/\/tulitu.eu\/wp\/index.php?rest_route=\/wp\/v2\/posts"}],"about":[{"href":"https:\/\/tulitu.eu\/wp\/index.php?rest_route=\/wp\/v2\/types\/post"}],"author":[{"embeddable":true,"href":"https:\/\/tulitu.eu\/wp\/index.php?rest_route=\/wp\/v2\/users\/1"}],"replies":[{"embeddable":true,"href":"https:\/\/tulitu.eu\/wp\/index.php?rest_route=%2Fwp%2Fv2%2Fcomments&post=1379"}],"version-history":[{"count":1,"href":"https:\/\/tulitu.eu\/wp\/index.php?rest_route=\/wp\/v2\/posts\/1379\/revisions"}],"predecessor-version":[{"id":1381,"href":"https:\/\/tulitu.eu\/wp\/index.php?rest_route=\/wp\/v2\/posts\/1379\/revisions\/1381"}],"wp:attachment":[{"href":"https:\/\/tulitu.eu\/wp\/index.php?rest_route=%2Fwp%2Fv2%2Fmedia&parent=1379"}],"wp:term":[{"taxonomy":"category","embeddable":true,"href":"https:\/\/tulitu.eu\/wp\/index.php?rest_route=%2Fwp%2Fv2%2Fcategories&post=1379"},{"taxonomy":"post_tag","embeddable":true,"href":"https:\/\/tulitu.eu\/wp\/index.php?rest_route=%2Fwp%2Fv2%2Ftags&post=1379"}],"curies":[{"name":"wp","href":"https:\/\/api.w.org\/{rel}","templated":true}]}}