{"id":1376,"date":"2019-02-25T18:06:46","date_gmt":"2019-02-25T18:06:46","guid":{"rendered":"http:\/\/tulitu.eu\/wp\/?p=1376"},"modified":"2019-03-27T19:01:27","modified_gmt":"2019-03-27T19:01:27","slug":"mercredi-6-mars-a-19h-rencontre-avec-emilie-plateau-et-tania-de-montaigne","status":"publish","type":"post","link":"https:\/\/tulitu.eu\/wp\/?p=1376","title":{"rendered":"Mercredi 6 mars \u00e0 19h &#8211; Rencontre avec Emilie Plateau et Tania de Montaigne"},"content":{"rendered":"<p><a href=\"http:\/\/tulitu.eu\/wp\/wp-content\/uploads\/2019\/02\/52606118_2362355940663062_8445897155717103616_n.jpg\"><img loading=\"lazy\" decoding=\"async\" class=\"alignnone size-medium wp-image-1377\" src=\"http:\/\/tulitu.eu\/wp\/wp-content\/uploads\/2019\/02\/52606118_2362355940663062_8445897155717103616_n-214x300.jpg\" alt=\"\" width=\"214\" height=\"300\" srcset=\"https:\/\/tulitu.eu\/wp\/wp-content\/uploads\/2019\/02\/52606118_2362355940663062_8445897155717103616_n-214x300.jpg 214w, https:\/\/tulitu.eu\/wp\/wp-content\/uploads\/2019\/02\/52606118_2362355940663062_8445897155717103616_n.jpg 684w\" sizes=\"auto, (max-width: 214px) 100vw, 214px\" \/><\/a><\/p>\n<p>L&#8217;autrice de BD Emilie Plateau a collabor\u00e9 avec la journaliste Tania de Montaigne pour la BD &#8220;Noire&#8221; publi\u00e9e chez <a href=\"https:\/\/www.facebook.com\/editions.dargaud\/\" target=\"_blank\" rel=\"noopener\">Dargaud<\/a>.<\/p>\n<p>Elles nous nous racontent la vie de Claudette Colvin qui, \u00e0 15 ans, refuse de c\u00e9der sa place \u00e0 une passag\u00e8re blanche dans le bus. Neuf mois avant Rosa Parks (en 1955), elle devient la premi\u00e8re noire \u00e0 plaider non coupable et \u00e0 poursuivre la ville en justice.<\/p>\n<p>Emilie Plateau et Tania de Montaigne s&#8217;entretiendront avec Ariane Herman. S&#8217;ensuivra une s\u00e9ance de d\u00e9dicaces autour d&#8217;un verre de l&#8217;amiti\u00e9.<\/p>\n<p>Avec le soutien de la F\u00e9d\u00e9ration Wallonie-Bruxelles<\/p>\n<p><a href=\"http:\/\/tulitu.eu\/wp\/wp-content\/uploads\/2018\/06\/logo_FWB.jpg\"><img loading=\"lazy\" decoding=\"async\" class=\"alignnone size-medium wp-image-1165\" src=\"http:\/\/tulitu.eu\/wp\/wp-content\/uploads\/2018\/06\/logo_FWB-300x87.jpg\" alt=\"\" width=\"300\" height=\"87\" srcset=\"https:\/\/tulitu.eu\/wp\/wp-content\/uploads\/2018\/06\/logo_FWB-300x87.jpg 300w, https:\/\/tulitu.eu\/wp\/wp-content\/uploads\/2018\/06\/logo_FWB-768x224.jpg 768w, https:\/\/tulitu.eu\/wp\/wp-content\/uploads\/2018\/06\/logo_FWB-1024x299.jpg 1024w, https:\/\/tulitu.eu\/wp\/wp-content\/uploads\/2018\/06\/logo_FWB.jpg 1382w\" sizes=\"auto, (max-width: 300px) 100vw, 300px\" \/><\/a><\/p>\n","protected":false},"excerpt":{"rendered":"<p>L&#8217;autrice de BD Emilie Plateau a collabor\u00e9 avec la journaliste Tania de Montaigne pour la BD &#8220;Noire&#8221; publi\u00e9e chez Dargaud. Elles nous nous racontent la vie de Claudette Colvin qui, \u00e0 15 ans, refuse de c\u00e9der sa place \u00e0 une passag\u00e8re blanche dans le bus. Neuf mois avant Rosa Parks (en 1955), elle devient la &hellip; <a href=\"https:\/\/tulitu.eu\/wp\/?p=1376\" class=\"more-link\">Continue reading <span class=\"screen-reader-text\">Mercredi 6 mars \u00e0 19h &#8211; Rencontre avec Emilie Plateau et Tania de Montaigne<\/span> <span class=\"meta-nav\">&rarr;<\/span><\/a><\/p>\n","protected":false},"author":1,"featured_media":0,"comment_status":"open","ping_status":"open","sticky":false,"template":"","format":"standard","meta":{"footnotes":""},"categories":[2],"tags":[],"class_list":["post-1376","post","type-post","status-publish","format-standard","hentry","category-agenda"],"_links":{"self":[{"href":"https:\/\/tulitu.eu\/wp\/index.php?rest_route=\/wp\/v2\/posts\/1376","targetHints":{"allow":["GET"]}}],"collection":[{"href":"https:\/\/tulitu.eu\/wp\/index.php?rest_route=\/wp\/v2\/posts"}],"about":[{"href":"https:\/\/tulitu.eu\/wp\/index.php?rest_route=\/wp\/v2\/types\/post"}],"author":[{"embeddable":true,"href":"https:\/\/tulitu.eu\/wp\/index.php?rest_route=\/wp\/v2\/users\/1"}],"replies":[{"embeddable":true,"href":"https:\/\/tulitu.eu\/wp\/index.php?rest_route=%2Fwp%2Fv2%2Fcomments&post=1376"}],"version-history":[{"count":2,"href":"https:\/\/tulitu.eu\/wp\/index.php?rest_route=\/wp\/v2\/posts\/1376\/revisions"}],"predecessor-version":[{"id":1416,"href":"https:\/\/tulitu.eu\/wp\/index.php?rest_route=\/wp\/v2\/posts\/1376\/revisions\/1416"}],"wp:attachment":[{"href":"https:\/\/tulitu.eu\/wp\/index.php?rest_route=%2Fwp%2Fv2%2Fmedia&parent=1376"}],"wp:term":[{"taxonomy":"category","embeddable":true,"href":"https:\/\/tulitu.eu\/wp\/index.php?rest_route=%2Fwp%2Fv2%2Fcategories&post=1376"},{"taxonomy":"post_tag","embeddable":true,"href":"https:\/\/tulitu.eu\/wp\/index.php?rest_route=%2Fwp%2Fv2%2Ftags&post=1376"}],"curies":[{"name":"wp","href":"https:\/\/api.w.org\/{rel}","templated":true}]}}