{"id":137,"date":"2015-04-24T15:09:25","date_gmt":"2015-04-24T15:09:25","guid":{"rendered":"http:\/\/tulitu.eu\/wp\/?p=137"},"modified":"2015-04-24T15:09:25","modified_gmt":"2015-04-24T15:09:25","slug":"le-meme-livre-au-meme-prix-en-belgique-et-en-france","status":"publish","type":"post","link":"https:\/\/tulitu.eu\/wp\/?p=137","title":{"rendered":"Le m\u00eame livre au m\u00eame prix en Belgique et en France"},"content":{"rendered":"<p>Pour en finir avec la \u00ab tabelle \u00bb !<br \/>\nDans les librairies belges, un livre fran\u00e7ais sur deux porte une petite \u00e9tiquette masquant le prix imprim\u00e9 sur la quatri\u00e8me de couverture. Si vous la d\u00e9collez, vous d\u00e9couvrirez que le prix initial fix\u00e9 par l&#8217;\u00e9diteur a augment\u00e9 de 10 \u00e0 17% en passant la fronti\u00e8re !<br \/>\nCette diff\u00e9rence s&#8217;explique par une taxe, la \u00ab tabelle \u00bb, qui \u00e9tait autrefois utilis\u00e9e pour couvrir les frais de douane et les risques de change entre les francs belges et les francs fran\u00e7ais.<br \/>\nDans une m\u00eame communaut\u00e9 linguistique, avec la mise en circulation de l\u2019euro, les arguments pour justifier cette pratique sont devenus plus que jamais anachroniques.<br \/>\nMais trois distributeurs belges, prot\u00e9g\u00e9s par des exclusivit\u00e9s, maintiennent cette forte majoration :<br \/>\n\u2022 Interforum Benelux, filiale d&#8217;Editis (qui distribue 10\/18, Allary, Nathan, Plon, Le Robert, Robert Laffont, Michel Lafon, XO, Pocket, \u2026)<br \/>\n\u2022 Dilibel, filiale d&#8217;Hachette (Albin Michel, Grasset, Le Livre de Poche, Larousse, Marabout, Odile Jacob, Stock,&#8230;)<br \/>\n\u2022 Nord-Sud (Jouvence, Economica, Pr\u00e9sence africaine\u2026)<br \/>\nCette situation a deux cons\u00e9quences majeures :<br \/>\n\u2022 ce sont les lecteurs, les biblioth\u00e8ques et les libraires qui financent la structure de ces distributeurs;<br \/>\n\u2022 les libraires belges sont fragilis\u00e9s par la concurrence des op\u00e9rateurs de vente en ligne, sur qui ne p\u00e8se pas la tabelle.<br \/>\nLe Syndicat des libraires francophones de Belgique (SLFB) demande donc \u00e0 ces trois distributeurs de renoncer \u00e0 un syst\u00e8me qui met en danger la librairie belge et d\u00e9favorise le lecteur belge. Le SLFB r\u00e9clame une politique de prix plus respectueuse de tous.<br \/>\nLe prix des livres est un enjeu non seulement commercial mais aussi culturel et politique !<br \/>\nSi comme nous, libraires, vous pensez qu\u2019un m\u00eame livre doit \u00eatre vendu au m\u00eame prix en France et en Belgique, signez cette p\u00e9tition chez votre libraire ou en ligne, \u00e0 l&#8217;adresse :<\/p>\n<p><a href=\"https:\/\/lapetition.be\/en-ligne\/Le-meme-livre-au-meme-prix-en-Belgique-et-en-France-15658.html\">https:\/\/lapetition.be\/en-ligne\/Le-meme-livre-au-meme-prix-en-Belgique-et-en-France-15658.html<\/a><\/p>\n<p>&nbsp;<\/p>\n","protected":false},"excerpt":{"rendered":"<p>Pour en finir avec la \u00ab tabelle \u00bb ! Dans les librairies belges, un livre fran\u00e7ais sur deux porte une petite \u00e9tiquette masquant le prix imprim\u00e9 sur la quatri\u00e8me de couverture. Si vous la d\u00e9collez, vous d\u00e9couvrirez que le prix initial fix\u00e9 par l&#8217;\u00e9diteur a augment\u00e9 de 10 \u00e0 17% en passant la fronti\u00e8re ! &hellip; <a href=\"https:\/\/tulitu.eu\/wp\/?p=137\" class=\"more-link\">Continue reading <span class=\"screen-reader-text\">Le m\u00eame livre au m\u00eame prix en Belgique et en France<\/span> <span class=\"meta-nav\">&rarr;<\/span><\/a><\/p>\n","protected":false},"author":1,"featured_media":0,"comment_status":"open","ping_status":"open","sticky":false,"template":"","format":"standard","meta":{"footnotes":""},"categories":[1],"tags":[],"class_list":["post-137","post","type-post","status-publish","format-standard","hentry","category-non-classe"],"_links":{"self":[{"href":"https:\/\/tulitu.eu\/wp\/index.php?rest_route=\/wp\/v2\/posts\/137","targetHints":{"allow":["GET"]}}],"collection":[{"href":"https:\/\/tulitu.eu\/wp\/index.php?rest_route=\/wp\/v2\/posts"}],"about":[{"href":"https:\/\/tulitu.eu\/wp\/index.php?rest_route=\/wp\/v2\/types\/post"}],"author":[{"embeddable":true,"href":"https:\/\/tulitu.eu\/wp\/index.php?rest_route=\/wp\/v2\/users\/1"}],"replies":[{"embeddable":true,"href":"https:\/\/tulitu.eu\/wp\/index.php?rest_route=%2Fwp%2Fv2%2Fcomments&post=137"}],"version-history":[{"count":1,"href":"https:\/\/tulitu.eu\/wp\/index.php?rest_route=\/wp\/v2\/posts\/137\/revisions"}],"predecessor-version":[{"id":139,"href":"https:\/\/tulitu.eu\/wp\/index.php?rest_route=\/wp\/v2\/posts\/137\/revisions\/139"}],"wp:attachment":[{"href":"https:\/\/tulitu.eu\/wp\/index.php?rest_route=%2Fwp%2Fv2%2Fmedia&parent=137"}],"wp:term":[{"taxonomy":"category","embeddable":true,"href":"https:\/\/tulitu.eu\/wp\/index.php?rest_route=%2Fwp%2Fv2%2Fcategories&post=137"},{"taxonomy":"post_tag","embeddable":true,"href":"https:\/\/tulitu.eu\/wp\/index.php?rest_route=%2Fwp%2Fv2%2Ftags&post=137"}],"curies":[{"name":"wp","href":"https:\/\/api.w.org\/{rel}","templated":true}]}}