{"id":1365,"date":"2019-02-02T13:19:58","date_gmt":"2019-02-02T13:19:58","guid":{"rendered":"http:\/\/tulitu.eu\/wp\/?p=1365"},"modified":"2019-02-15T10:20:26","modified_gmt":"2019-02-15T10:20:26","slug":"mardi-19-fevrier-a-18h-soiree-le-quartanier","status":"publish","type":"post","link":"https:\/\/tulitu.eu\/wp\/?p=1365","title":{"rendered":"Mardi 19 f\u00e9vrier \u00e0 18h &#8211; Soir\u00e9e &#8220;Le Quartanier&#8221;"},"content":{"rendered":"<p><a href=\"http:\/\/tulitu.eu\/wp\/wp-content\/uploads\/2019\/02\/quartanier-1.png\"><img loading=\"lazy\" decoding=\"async\" class=\"alignnone size-medium wp-image-1373\" src=\"http:\/\/tulitu.eu\/wp\/wp-content\/uploads\/2019\/02\/quartanier-1-300x47.png\" alt=\"\" width=\"300\" height=\"47\" srcset=\"https:\/\/tulitu.eu\/wp\/wp-content\/uploads\/2019\/02\/quartanier-1-300x47.png 300w, https:\/\/tulitu.eu\/wp\/wp-content\/uploads\/2019\/02\/quartanier-1-768x119.png 768w, https:\/\/tulitu.eu\/wp\/wp-content\/uploads\/2019\/02\/quartanier-1-1024x159.png 1024w\" sizes=\"auto, (max-width: 300px) 100vw, 300px\" \/><\/a><a href=\"http:\/\/tulitu.eu\/wp\/wp-content\/uploads\/2018\/02\/morin.jpg\"><img loading=\"lazy\" decoding=\"async\" class=\"alignnone size-medium wp-image-1055\" src=\"http:\/\/tulitu.eu\/wp\/wp-content\/uploads\/2018\/02\/morin-225x300.jpg\" alt=\"\" width=\"225\" height=\"300\" srcset=\"https:\/\/tulitu.eu\/wp\/wp-content\/uploads\/2018\/02\/morin-225x300.jpg 225w, https:\/\/tulitu.eu\/wp\/wp-content\/uploads\/2018\/02\/morin.jpg 300w\" sizes=\"auto, (max-width: 225px) 100vw, 225px\" \/><\/a><a href=\"http:\/\/tulitu.eu\/wp\/wp-content\/uploads\/2015\/07\/david-turgeon.jpg\"><img loading=\"lazy\" decoding=\"async\" class=\"alignnone size-medium wp-image-179\" src=\"http:\/\/tulitu.eu\/wp\/wp-content\/uploads\/2015\/07\/david-turgeon-225x300.jpg\" alt=\"\" width=\"225\" height=\"300\" srcset=\"https:\/\/tulitu.eu\/wp\/wp-content\/uploads\/2015\/07\/david-turgeon-225x300.jpg 225w, https:\/\/tulitu.eu\/wp\/wp-content\/uploads\/2015\/07\/david-turgeon.jpg 720w\" sizes=\"auto, (max-width: 225px) 100vw, 225px\" \/><\/a><a href=\"http:\/\/tulitu.eu\/wp\/wp-content\/uploads\/2019\/02\/St\u00e9phane_Larue.jpg\"><img loading=\"lazy\" decoding=\"async\" class=\"alignnone size-medium wp-image-1368\" src=\"http:\/\/tulitu.eu\/wp\/wp-content\/uploads\/2019\/02\/St\u00e9phane_Larue-300x300.jpg\" alt=\"\" width=\"300\" height=\"300\" srcset=\"https:\/\/tulitu.eu\/wp\/wp-content\/uploads\/2019\/02\/St\u00e9phane_Larue-300x300.jpg 300w, https:\/\/tulitu.eu\/wp\/wp-content\/uploads\/2019\/02\/St\u00e9phane_Larue-150x150.jpg 150w, https:\/\/tulitu.eu\/wp\/wp-content\/uploads\/2019\/02\/St\u00e9phane_Larue.jpg 612w\" sizes=\"auto, (max-width: 300px) 100vw, 300px\" \/><\/a><\/p>\n<p>Venez \u00e0 <a href=\"https:\/\/www.facebook.com\/laBellone.be\/\" target=\"_blank\" rel=\"noopener\">La Bellone<\/a> rencontrer \u00c9ric de Larochelli\u00e8re, directeur de <a href=\"https:\/\/www.facebook.com\/lequartanier\/\" target=\"_blank\" rel=\"noopener\">Le Quartanier \u00c9diteur<\/a> et les auteurs <a href=\"https:\/\/www.facebook.com\/alexie.morin\" target=\"_blank\" rel=\"noopener\">Alexie Morin<\/a>, <a href=\"https:\/\/www.facebook.com\/stephane.larue.18\" target=\"_blank\" rel=\"noopener\">St\u00e9phane Larue<\/a> et David Turgeon !<\/p>\n<p>La soir\u00e9e sera anim\u00e9e par Ysaline Parisis, chroniqueuse litt\u00e9raire au Vif.<\/p>\n<p>&nbsp;<\/p>\n<p>Avec le soutien de la D\u00e9l\u00e9gation g\u00e9n\u00e9rale du Qu\u00e9bec \u00e0 Bruxelles<\/p>\n","protected":false},"excerpt":{"rendered":"<p>Venez \u00e0 La Bellone rencontrer \u00c9ric de Larochelli\u00e8re, directeur de Le Quartanier \u00c9diteur et les auteurs Alexie Morin, St\u00e9phane Larue et David Turgeon ! La soir\u00e9e sera anim\u00e9e par Ysaline Parisis, chroniqueuse litt\u00e9raire au Vif. &nbsp; Avec le soutien de la D\u00e9l\u00e9gation g\u00e9n\u00e9rale du Qu\u00e9bec \u00e0 Bruxelles<\/p>\n","protected":false},"author":1,"featured_media":0,"comment_status":"open","ping_status":"open","sticky":false,"template":"","format":"standard","meta":{"footnotes":""},"categories":[2],"tags":[],"class_list":["post-1365","post","type-post","status-publish","format-standard","hentry","category-agenda"],"_links":{"self":[{"href":"https:\/\/tulitu.eu\/wp\/index.php?rest_route=\/wp\/v2\/posts\/1365","targetHints":{"allow":["GET"]}}],"collection":[{"href":"https:\/\/tulitu.eu\/wp\/index.php?rest_route=\/wp\/v2\/posts"}],"about":[{"href":"https:\/\/tulitu.eu\/wp\/index.php?rest_route=\/wp\/v2\/types\/post"}],"author":[{"embeddable":true,"href":"https:\/\/tulitu.eu\/wp\/index.php?rest_route=\/wp\/v2\/users\/1"}],"replies":[{"embeddable":true,"href":"https:\/\/tulitu.eu\/wp\/index.php?rest_route=%2Fwp%2Fv2%2Fcomments&post=1365"}],"version-history":[{"count":3,"href":"https:\/\/tulitu.eu\/wp\/index.php?rest_route=\/wp\/v2\/posts\/1365\/revisions"}],"predecessor-version":[{"id":1374,"href":"https:\/\/tulitu.eu\/wp\/index.php?rest_route=\/wp\/v2\/posts\/1365\/revisions\/1374"}],"wp:attachment":[{"href":"https:\/\/tulitu.eu\/wp\/index.php?rest_route=%2Fwp%2Fv2%2Fmedia&parent=1365"}],"wp:term":[{"taxonomy":"category","embeddable":true,"href":"https:\/\/tulitu.eu\/wp\/index.php?rest_route=%2Fwp%2Fv2%2Fcategories&post=1365"},{"taxonomy":"post_tag","embeddable":true,"href":"https:\/\/tulitu.eu\/wp\/index.php?rest_route=%2Fwp%2Fv2%2Ftags&post=1365"}],"curies":[{"name":"wp","href":"https:\/\/api.w.org\/{rel}","templated":true}]}}