{"id":1356,"date":"2019-02-02T12:11:18","date_gmt":"2019-02-02T12:11:18","guid":{"rendered":"http:\/\/tulitu.eu\/wp\/?p=1356"},"modified":"2019-02-13T13:48:08","modified_gmt":"2019-02-13T13:48:08","slug":"mardi-12-fevrier-a-19h-soiree-remue-menage","status":"publish","type":"post","link":"https:\/\/tulitu.eu\/wp\/?p=1356","title":{"rendered":"Mardi 12 f\u00e9vrier \u00e0 19h &#8211; Soir\u00e9e &#8220;Remue-m\u00e9nage&#8221;"},"content":{"rendered":"<p><a href=\"http:\/\/tulitu.eu\/wp\/wp-content\/uploads\/2019\/02\/remuemenage.jpg\"><img loading=\"lazy\" decoding=\"async\" class=\"alignnone size-medium wp-image-1357\" src=\"http:\/\/tulitu.eu\/wp\/wp-content\/uploads\/2019\/02\/remuemenage-228x300.jpg\" alt=\"\" width=\"228\" height=\"300\" srcset=\"https:\/\/tulitu.eu\/wp\/wp-content\/uploads\/2019\/02\/remuemenage-228x300.jpg 228w, https:\/\/tulitu.eu\/wp\/wp-content\/uploads\/2019\/02\/remuemenage-768x1010.jpg 768w, https:\/\/tulitu.eu\/wp\/wp-content\/uploads\/2019\/02\/remuemenage-779x1024.jpg 779w, https:\/\/tulitu.eu\/wp\/wp-content\/uploads\/2019\/02\/remuemenage.jpg 1424w\" sizes=\"auto, (max-width: 228px) 100vw, 228px\" \/><\/a><a href=\"http:\/\/tulitu.eu\/wp\/wp-content\/uploads\/2019\/02\/remuemenage3.jpg\"><img loading=\"lazy\" decoding=\"async\" class=\"alignnone size-medium wp-image-1358\" src=\"http:\/\/tulitu.eu\/wp\/wp-content\/uploads\/2019\/02\/remuemenage3-300x200.jpg\" alt=\"\" width=\"300\" height=\"200\" srcset=\"https:\/\/tulitu.eu\/wp\/wp-content\/uploads\/2019\/02\/remuemenage3-300x200.jpg 300w, https:\/\/tulitu.eu\/wp\/wp-content\/uploads\/2019\/02\/remuemenage3-768x512.jpg 768w, https:\/\/tulitu.eu\/wp\/wp-content\/uploads\/2019\/02\/remuemenage3-1024x683.jpg 1024w, https:\/\/tulitu.eu\/wp\/wp-content\/uploads\/2019\/02\/remuemenage3.jpg 1300w\" sizes=\"auto, (max-width: 300px) 100vw, 300px\" \/><\/a><\/p>\n<p>Cr\u00e9dit photo : Chlo\u00e9 Charbonnier<\/p>\n<p>Nous sommes heureuses d&#8217;accueillir <strong>Camille Simard<\/strong> des <a href=\"https:\/\/www.facebook.com\/editionsrm\/\" target=\"_blank\" rel=\"noopener\">\u00c9ditions du remue-m\u00e9nage<\/a>.<br \/>\nCette maison d&#8217;\u00e9dition est la principale maison d\u2019\u00e9dition f\u00e9ministe francophone en Am\u00e9rique, une r\u00e9f\u00e9rence pour quiconque s\u2019int\u00e9resse \u00e0 l\u2019histoire, \u00e0 la parole, \u00e0 la cr\u00e9ation et \u00e0 l\u2019exp\u00e9rience des femmes!<\/p>\n<p>Camille sera accompagn\u00e9e de l&#8217;autrice montr\u00e9alaise <strong>Marie Darsigny<\/strong> pour la parution de son r\u00e9cit &#8220;Trente&#8221;.<br \/>\n&#8220;Elle signe ici le r\u00e9cit puissant d\u2019une femme qui, convaincue depuis toujours qu\u2019elle va mourir \u00e0 trente ans, d\u00e9cide de documenter sa derni\u00e8re ann\u00e9e de vie dans un journal. Trente est une litanie obsessionnelle et caustique, pop et savante, criante de r\u00e9el.&#8221;<\/p>\n<p>&nbsp;<\/p>\n<p>Avec le soutien de la D\u00e9l\u00e9gation g\u00e9n\u00e9rale du Qu\u00e9bec \u00e0 Bruxelles<\/p>\n","protected":false},"excerpt":{"rendered":"<p>Cr\u00e9dit photo : Chlo\u00e9 Charbonnier Nous sommes heureuses d&#8217;accueillir Camille Simard des \u00c9ditions du remue-m\u00e9nage. Cette maison d&#8217;\u00e9dition est la principale maison d\u2019\u00e9dition f\u00e9ministe francophone en Am\u00e9rique, une r\u00e9f\u00e9rence pour quiconque s\u2019int\u00e9resse \u00e0 l\u2019histoire, \u00e0 la parole, \u00e0 la cr\u00e9ation et \u00e0 l\u2019exp\u00e9rience des femmes! Camille sera accompagn\u00e9e de l&#8217;autrice montr\u00e9alaise Marie Darsigny pour la &hellip; <a href=\"https:\/\/tulitu.eu\/wp\/?p=1356\" class=\"more-link\">Continue reading <span class=\"screen-reader-text\">Mardi 12 f\u00e9vrier \u00e0 19h &#8211; Soir\u00e9e &#8220;Remue-m\u00e9nage&#8221;<\/span> <span class=\"meta-nav\">&rarr;<\/span><\/a><\/p>\n","protected":false},"author":1,"featured_media":0,"comment_status":"open","ping_status":"open","sticky":false,"template":"","format":"standard","meta":{"footnotes":""},"categories":[2],"tags":[],"class_list":["post-1356","post","type-post","status-publish","format-standard","hentry","category-agenda"],"_links":{"self":[{"href":"https:\/\/tulitu.eu\/wp\/index.php?rest_route=\/wp\/v2\/posts\/1356","targetHints":{"allow":["GET"]}}],"collection":[{"href":"https:\/\/tulitu.eu\/wp\/index.php?rest_route=\/wp\/v2\/posts"}],"about":[{"href":"https:\/\/tulitu.eu\/wp\/index.php?rest_route=\/wp\/v2\/types\/post"}],"author":[{"embeddable":true,"href":"https:\/\/tulitu.eu\/wp\/index.php?rest_route=\/wp\/v2\/users\/1"}],"replies":[{"embeddable":true,"href":"https:\/\/tulitu.eu\/wp\/index.php?rest_route=%2Fwp%2Fv2%2Fcomments&post=1356"}],"version-history":[{"count":2,"href":"https:\/\/tulitu.eu\/wp\/index.php?rest_route=\/wp\/v2\/posts\/1356\/revisions"}],"predecessor-version":[{"id":1372,"href":"https:\/\/tulitu.eu\/wp\/index.php?rest_route=\/wp\/v2\/posts\/1356\/revisions\/1372"}],"wp:attachment":[{"href":"https:\/\/tulitu.eu\/wp\/index.php?rest_route=%2Fwp%2Fv2%2Fmedia&parent=1356"}],"wp:term":[{"taxonomy":"category","embeddable":true,"href":"https:\/\/tulitu.eu\/wp\/index.php?rest_route=%2Fwp%2Fv2%2Fcategories&post=1356"},{"taxonomy":"post_tag","embeddable":true,"href":"https:\/\/tulitu.eu\/wp\/index.php?rest_route=%2Fwp%2Fv2%2Ftags&post=1356"}],"curies":[{"name":"wp","href":"https:\/\/api.w.org\/{rel}","templated":true}]}}