{"id":1300,"date":"2018-11-04T15:00:41","date_gmt":"2018-11-04T15:00:41","guid":{"rendered":"http:\/\/tulitu.eu\/wp\/?p=1300"},"modified":"2018-11-04T15:00:41","modified_gmt":"2018-11-04T15:00:41","slug":"mercredi-28-novembre-a-19h-rencontre-avec-jeanne-mascolo-de-filippis-autour-dalexandra-david-neel","status":"publish","type":"post","link":"https:\/\/tulitu.eu\/wp\/?p=1300","title":{"rendered":"Mercredi 28 novembre \u00e0 19h &#8211; Rencontre avec Jeanne Mascolo de Filippis autour d&#8217;Alexandra David-Neel"},"content":{"rendered":"<p>&nbsp;<\/p>\n<p><a href=\"http:\/\/tulitu.eu\/wp\/wp-content\/uploads\/2018\/11\/alexandradavidneel.jpg\"><img loading=\"lazy\" decoding=\"async\" class=\"alignnone size-medium wp-image-1301\" src=\"http:\/\/tulitu.eu\/wp\/wp-content\/uploads\/2018\/11\/alexandradavidneel-225x300.jpg\" alt=\"\" width=\"225\" height=\"300\" srcset=\"https:\/\/tulitu.eu\/wp\/wp-content\/uploads\/2018\/11\/alexandradavidneel-225x300.jpg 225w, https:\/\/tulitu.eu\/wp\/wp-content\/uploads\/2018\/11\/alexandradavidneel.jpg 720w\" sizes=\"auto, (max-width: 225px) 100vw, 225px\" \/><\/a><\/p>\n<p>Jeanne Mascolo de Filippis est r\u00e9alisatrice.<\/p>\n<p>Elle est une sp\u00e9cialiste d&#8217;Alexandra David-Neel, elle a notamment r\u00e9alis\u00e9 un documentaire TV (pour France 2)sur elle avec Antoine de Maximy.<\/p>\n<p>A l&#8217;occasion du 150e anniversaire de la naissance d&#8217;Alexandra David-Neel, Jeanne Mascolo a consacr\u00e9 une biographie sur cette femme exceptionnelle, avec des illustrations en partie in\u00e9dite tir\u00e9es du fonds de la maison Alexandra David-Neel de Digne.<\/p>\n<p>Ce beau livre est publi\u00e9 par les <a href=\"https:\/\/www.facebook.com\/leseditionspaulsen\/\" target=\"_blank\" rel=\"noopener\">\u00c9ditions Paulsen<\/a>.<\/p>\n","protected":false},"excerpt":{"rendered":"<p>&nbsp; Jeanne Mascolo de Filippis est r\u00e9alisatrice. Elle est une sp\u00e9cialiste d&#8217;Alexandra David-Neel, elle a notamment r\u00e9alis\u00e9 un documentaire TV (pour France 2)sur elle avec Antoine de Maximy. A l&#8217;occasion du 150e anniversaire de la naissance d&#8217;Alexandra David-Neel, Jeanne Mascolo a consacr\u00e9 une biographie sur cette femme exceptionnelle, avec des illustrations en partie in\u00e9dite tir\u00e9es &hellip; <a href=\"https:\/\/tulitu.eu\/wp\/?p=1300\" class=\"more-link\">Continue reading <span class=\"screen-reader-text\">Mercredi 28 novembre \u00e0 19h &#8211; Rencontre avec Jeanne Mascolo de Filippis autour d&#8217;Alexandra David-Neel<\/span> <span class=\"meta-nav\">&rarr;<\/span><\/a><\/p>\n","protected":false},"author":1,"featured_media":0,"comment_status":"open","ping_status":"open","sticky":false,"template":"","format":"standard","meta":{"footnotes":""},"categories":[2],"tags":[],"class_list":["post-1300","post","type-post","status-publish","format-standard","hentry","category-agenda"],"_links":{"self":[{"href":"https:\/\/tulitu.eu\/wp\/index.php?rest_route=\/wp\/v2\/posts\/1300","targetHints":{"allow":["GET"]}}],"collection":[{"href":"https:\/\/tulitu.eu\/wp\/index.php?rest_route=\/wp\/v2\/posts"}],"about":[{"href":"https:\/\/tulitu.eu\/wp\/index.php?rest_route=\/wp\/v2\/types\/post"}],"author":[{"embeddable":true,"href":"https:\/\/tulitu.eu\/wp\/index.php?rest_route=\/wp\/v2\/users\/1"}],"replies":[{"embeddable":true,"href":"https:\/\/tulitu.eu\/wp\/index.php?rest_route=%2Fwp%2Fv2%2Fcomments&post=1300"}],"version-history":[{"count":1,"href":"https:\/\/tulitu.eu\/wp\/index.php?rest_route=\/wp\/v2\/posts\/1300\/revisions"}],"predecessor-version":[{"id":1302,"href":"https:\/\/tulitu.eu\/wp\/index.php?rest_route=\/wp\/v2\/posts\/1300\/revisions\/1302"}],"wp:attachment":[{"href":"https:\/\/tulitu.eu\/wp\/index.php?rest_route=%2Fwp%2Fv2%2Fmedia&parent=1300"}],"wp:term":[{"taxonomy":"category","embeddable":true,"href":"https:\/\/tulitu.eu\/wp\/index.php?rest_route=%2Fwp%2Fv2%2Fcategories&post=1300"},{"taxonomy":"post_tag","embeddable":true,"href":"https:\/\/tulitu.eu\/wp\/index.php?rest_route=%2Fwp%2Fv2%2Ftags&post=1300"}],"curies":[{"name":"wp","href":"https:\/\/api.w.org\/{rel}","templated":true}]}}