{"id":1297,"date":"2018-11-04T13:14:41","date_gmt":"2018-11-04T13:14:41","guid":{"rendered":"http:\/\/tulitu.eu\/wp\/?p=1297"},"modified":"2018-11-04T13:14:41","modified_gmt":"2018-11-04T13:14:41","slug":"mardi-27-novembre-a-19h-presentation-et-dedicaces-de-lalbum-made-in-love-les-chroniques-de-lud","status":"publish","type":"post","link":"https:\/\/tulitu.eu\/wp\/?p=1297","title":{"rendered":"Mardi 27 novembre \u00e0 19h &#8211; Pr\u00e9sentation et d\u00e9dicaces de l&#8217;album  &#8220;Made in Love&#8221;, Les Chroniques de Lud"},"content":{"rendered":"<p><a href=\"http:\/\/tulitu.eu\/wp\/wp-content\/uploads\/2018\/11\/lfestival.jpg\"><img loading=\"lazy\" decoding=\"async\" class=\"alignnone size-medium wp-image-1298\" src=\"http:\/\/tulitu.eu\/wp\/wp-content\/uploads\/2018\/11\/lfestival-300x169.jpg\" alt=\"\" width=\"300\" height=\"169\" srcset=\"https:\/\/tulitu.eu\/wp\/wp-content\/uploads\/2018\/11\/lfestival-300x169.jpg 300w, https:\/\/tulitu.eu\/wp\/wp-content\/uploads\/2018\/11\/lfestival-768x432.jpg 768w, https:\/\/tulitu.eu\/wp\/wp-content\/uploads\/2018\/11\/lfestival-1024x576.jpg 1024w, https:\/\/tulitu.eu\/wp\/wp-content\/uploads\/2018\/11\/lfestival.jpg 1920w\" sizes=\"auto, (max-width: 300px) 100vw, 300px\" \/><\/a><\/p>\n<p>Dans le cadre du LFestival, TULITU accueille Lud, auteure de bande dessin\u00e9e, \u00e0 l&#8217;occasion de la sortie de son ouvrage : Made in Love, Chroniques de Lud, un roman graphique \u00e9rotico queer, inclusif et sensuel.<br \/>\nElle sera l\u00e0 pour parler de son cheminement, vous pr\u00e9senter l&#8217;ouvrage, \u00e9changer avec vous et vous faire de jolies d\u00e9dicaces.<\/p>\n<p>Le L-Festival est un festival lesbien, bi, trans et f\u00e9ministe organis\u00e9 par la RainbowHouse Brussels.<br \/>\n&gt;&gt; Retrouvez le programme tout entier du L-Festival: <a href=\"https:\/\/www.facebook.com\/LFestivalBrussels\/events\/\" target=\"_blank\" rel=\"noopener\">https:\/\/www.facebook.com\/LFestivalBrussels\/events\/<\/a><\/p>\n","protected":false},"excerpt":{"rendered":"<p>Dans le cadre du LFestival, TULITU accueille Lud, auteure de bande dessin\u00e9e, \u00e0 l&#8217;occasion de la sortie de son ouvrage : Made in Love, Chroniques de Lud, un roman graphique \u00e9rotico queer, inclusif et sensuel. Elle sera l\u00e0 pour parler de son cheminement, vous pr\u00e9senter l&#8217;ouvrage, \u00e9changer avec vous et vous faire de jolies d\u00e9dicaces. &hellip; <a href=\"https:\/\/tulitu.eu\/wp\/?p=1297\" class=\"more-link\">Continue reading <span class=\"screen-reader-text\">Mardi 27 novembre \u00e0 19h &#8211; Pr\u00e9sentation et d\u00e9dicaces de l&#8217;album  &#8220;Made in Love&#8221;, Les Chroniques de Lud<\/span> <span class=\"meta-nav\">&rarr;<\/span><\/a><\/p>\n","protected":false},"author":1,"featured_media":0,"comment_status":"open","ping_status":"open","sticky":false,"template":"","format":"standard","meta":{"footnotes":""},"categories":[2],"tags":[],"class_list":["post-1297","post","type-post","status-publish","format-standard","hentry","category-agenda"],"_links":{"self":[{"href":"https:\/\/tulitu.eu\/wp\/index.php?rest_route=\/wp\/v2\/posts\/1297","targetHints":{"allow":["GET"]}}],"collection":[{"href":"https:\/\/tulitu.eu\/wp\/index.php?rest_route=\/wp\/v2\/posts"}],"about":[{"href":"https:\/\/tulitu.eu\/wp\/index.php?rest_route=\/wp\/v2\/types\/post"}],"author":[{"embeddable":true,"href":"https:\/\/tulitu.eu\/wp\/index.php?rest_route=\/wp\/v2\/users\/1"}],"replies":[{"embeddable":true,"href":"https:\/\/tulitu.eu\/wp\/index.php?rest_route=%2Fwp%2Fv2%2Fcomments&post=1297"}],"version-history":[{"count":1,"href":"https:\/\/tulitu.eu\/wp\/index.php?rest_route=\/wp\/v2\/posts\/1297\/revisions"}],"predecessor-version":[{"id":1299,"href":"https:\/\/tulitu.eu\/wp\/index.php?rest_route=\/wp\/v2\/posts\/1297\/revisions\/1299"}],"wp:attachment":[{"href":"https:\/\/tulitu.eu\/wp\/index.php?rest_route=%2Fwp%2Fv2%2Fmedia&parent=1297"}],"wp:term":[{"taxonomy":"category","embeddable":true,"href":"https:\/\/tulitu.eu\/wp\/index.php?rest_route=%2Fwp%2Fv2%2Fcategories&post=1297"},{"taxonomy":"post_tag","embeddable":true,"href":"https:\/\/tulitu.eu\/wp\/index.php?rest_route=%2Fwp%2Fv2%2Ftags&post=1297"}],"curies":[{"name":"wp","href":"https:\/\/api.w.org\/{rel}","templated":true}]}}