{"id":1286,"date":"2018-11-04T11:31:56","date_gmt":"2018-11-04T11:31:56","guid":{"rendered":"http:\/\/tulitu.eu\/wp\/?p=1286"},"modified":"2018-11-04T11:32:29","modified_gmt":"2018-11-04T11:32:29","slug":"samedi-17-novembre-feministe-toi-meme-au-point-culture","status":"publish","type":"post","link":"https:\/\/tulitu.eu\/wp\/?p=1286","title":{"rendered":"Samedi 17 novembre &#8211; F\u00e9ministe toi-m\u00eame au Point Culture"},"content":{"rendered":"<p>&nbsp;<\/p>\n<p><a href=\"http:\/\/tulitu.eu\/wp\/wp-content\/uploads\/2018\/11\/f\u00e9ministe_toimeme3.jpg\"><img loading=\"lazy\" decoding=\"async\" class=\"alignnone size-medium wp-image-1287\" src=\"http:\/\/tulitu.eu\/wp\/wp-content\/uploads\/2018\/11\/f\u00e9ministe_toimeme3-300x213.jpg\" alt=\"\" width=\"300\" height=\"213\" srcset=\"https:\/\/tulitu.eu\/wp\/wp-content\/uploads\/2018\/11\/f\u00e9ministe_toimeme3-300x213.jpg 300w, https:\/\/tulitu.eu\/wp\/wp-content\/uploads\/2018\/11\/f\u00e9ministe_toimeme3-768x545.jpg 768w, https:\/\/tulitu.eu\/wp\/wp-content\/uploads\/2018\/11\/f\u00e9ministe_toimeme3.jpg 874w\" sizes=\"auto, (max-width: 300px) 100vw, 300px\" \/><\/a><\/p>\n<p>F\u00e9ministe toi-m\u00eame !, le rendez-vous incontournable de celles et ceux qui militent pour les droits des femmes, dans tous les domaines de l\u2019existence.<\/p>\n<p>Pour sa cinqui\u00e8me \u00e9dition, \u00ab F\u00e9ministe toi-m\u00eame ! \u00bb, <a href=\"https:\/\/www.facebook.com\/PointCulture\/\" target=\"_blank\" rel=\"noopener\">PointCulture (145 rue royale \u00e0 1000 Bxl)<\/a>, <a href=\"https:\/\/www.facebook.com\/Centre-r%C3%A9gional-du-Libre-Examen-115165881929614\/\" target=\"_blank\" rel=\"noopener\">Centre r\u00e9gional du Libre Examen<\/a> et une dizaine d\u2019associations vous proposent un aper\u00e7u festif et participatif de la diversit\u00e9 des mouvements f\u00e9ministes d\u2019aujourd\u2019hui.<\/p>\n<p>TULITU vous pr\u00e9sentera une s\u00e9lection de ses coups de coeur.<\/p>\n<p><strong>A 17h45, ne manquez pas la rencontre avec Wendy Delorme, autrice du roman &#8220;Le corps est une chim\u00e8re&#8221; publi\u00e9 au Diable Vauvert.<\/strong><\/p>\n<p>Entr\u00e9e Libre !<\/p>\n<p>&nbsp;<\/p>\n<p>&nbsp;<\/p>\n","protected":false},"excerpt":{"rendered":"<p>&nbsp; F\u00e9ministe toi-m\u00eame !, le rendez-vous incontournable de celles et ceux qui militent pour les droits des femmes, dans tous les domaines de l\u2019existence. Pour sa cinqui\u00e8me \u00e9dition, \u00ab F\u00e9ministe toi-m\u00eame ! \u00bb, PointCulture (145 rue royale \u00e0 1000 Bxl), Centre r\u00e9gional du Libre Examen et une dizaine d\u2019associations vous proposent un aper\u00e7u festif et &hellip; <a href=\"https:\/\/tulitu.eu\/wp\/?p=1286\" class=\"more-link\">Continue reading <span class=\"screen-reader-text\">Samedi 17 novembre &#8211; F\u00e9ministe toi-m\u00eame au Point Culture<\/span> <span class=\"meta-nav\">&rarr;<\/span><\/a><\/p>\n","protected":false},"author":1,"featured_media":0,"comment_status":"open","ping_status":"open","sticky":false,"template":"","format":"standard","meta":{"footnotes":""},"categories":[2],"tags":[],"class_list":["post-1286","post","type-post","status-publish","format-standard","hentry","category-agenda"],"_links":{"self":[{"href":"https:\/\/tulitu.eu\/wp\/index.php?rest_route=\/wp\/v2\/posts\/1286","targetHints":{"allow":["GET"]}}],"collection":[{"href":"https:\/\/tulitu.eu\/wp\/index.php?rest_route=\/wp\/v2\/posts"}],"about":[{"href":"https:\/\/tulitu.eu\/wp\/index.php?rest_route=\/wp\/v2\/types\/post"}],"author":[{"embeddable":true,"href":"https:\/\/tulitu.eu\/wp\/index.php?rest_route=\/wp\/v2\/users\/1"}],"replies":[{"embeddable":true,"href":"https:\/\/tulitu.eu\/wp\/index.php?rest_route=%2Fwp%2Fv2%2Fcomments&post=1286"}],"version-history":[{"count":2,"href":"https:\/\/tulitu.eu\/wp\/index.php?rest_route=\/wp\/v2\/posts\/1286\/revisions"}],"predecessor-version":[{"id":1289,"href":"https:\/\/tulitu.eu\/wp\/index.php?rest_route=\/wp\/v2\/posts\/1286\/revisions\/1289"}],"wp:attachment":[{"href":"https:\/\/tulitu.eu\/wp\/index.php?rest_route=%2Fwp%2Fv2%2Fmedia&parent=1286"}],"wp:term":[{"taxonomy":"category","embeddable":true,"href":"https:\/\/tulitu.eu\/wp\/index.php?rest_route=%2Fwp%2Fv2%2Fcategories&post=1286"},{"taxonomy":"post_tag","embeddable":true,"href":"https:\/\/tulitu.eu\/wp\/index.php?rest_route=%2Fwp%2Fv2%2Ftags&post=1286"}],"curies":[{"name":"wp","href":"https:\/\/api.w.org\/{rel}","templated":true}]}}