{"id":1224,"date":"2018-09-02T10:53:38","date_gmt":"2018-09-02T10:53:38","guid":{"rendered":"http:\/\/tulitu.eu\/wp\/?p=1224"},"modified":"2018-09-02T11:14:59","modified_gmt":"2018-09-02T11:14:59","slug":"samedi-29-septembre-de-19h-a-1-heure-du-matin-lecture-performance-au-theatre-140","status":"publish","type":"post","link":"https:\/\/tulitu.eu\/wp\/?p=1224","title":{"rendered":"Samedi 29 septembre de 19h \u00e0  1 heure du matin  Lecture-performance au 140"},"content":{"rendered":"<p><a href=\"http:\/\/tulitu.eu\/wp\/wp-content\/uploads\/2018\/09\/140.jpg\"><img loading=\"lazy\" decoding=\"async\" class=\"alignnone size-full wp-image-1225\" src=\"http:\/\/tulitu.eu\/wp\/wp-content\/uploads\/2018\/09\/140.jpg\" alt=\"\" width=\"760\" height=\"268\" srcset=\"https:\/\/tulitu.eu\/wp\/wp-content\/uploads\/2018\/09\/140.jpg 760w, https:\/\/tulitu.eu\/wp\/wp-content\/uploads\/2018\/09\/140-300x106.jpg 300w\" sizes=\"auto, (max-width: 760px) 100vw, 760px\" \/><\/a><\/p>\n<p>Lecture-performance<br \/>\n&amp; librairie d&#8217;un soir au 140 (140 avenue Plasky \u00e0 1030 Bxl)<br \/>\nNotre biblioth\u00e8que &#8211; \u00c0 vos livres<br \/>\n\u25a0 entr\u00e9e et sortie libres durant toute la soir\u00e9e<\/p>\n<p>TULITU s\u2019installera pour un soir dans le hall du th\u00e9\u00e2tre 140.<br \/>\nDans une ambiance de cabaret, des artistes, tous auteur.e.s (<a href=\"https:\/\/www.facebook.com\/isabelle.wery.37\" target=\"_blank\" rel=\"noopener\">Isabelle W\u00e9ry<\/a>, <a href=\"https:\/\/www.facebook.com\/Damas-Genevi%C3%A8ve-726805537512615\/\" target=\"_blank\" rel=\"noopener\">Damas Genevi\u00e8ve<\/a>, <a href=\"https:\/\/www.facebook.com\/thomas.gunzig\" target=\"_blank\" rel=\"noopener\">Thomas Gunzig<\/a>, <a href=\"https:\/\/www.facebook.com\/ariel.lapetitesirene.716\" target=\"_blank\" rel=\"noopener\">Myriam Leroy<\/a> et plein d&#8217;autres&#8230;) rel\u00e8vent le d\u00e9fi de la lecture \u00e0 vue, accompagn\u00e9s des musiciens du Collectif du Lion-<a href=\"https:\/\/www.facebook.com\/collectif.lion\" target=\"_blank\" rel=\"noopener\">Myriam Mollet<\/a> qui se pr\u00eatent eux aussi au jeu de l\u2019improvisation. Ensemble, tous marchent sur le fil d\u00e9licat tiss\u00e9 par les lectures choisies au hasard.<\/p>\n<p>Le combustible de ce happening br\u00fblant est puis\u00e9 dans une biblioth\u00e8que collective \u00e0 ciel ouvert. Les r\u00e9sidents du quartier, et tout un chacun s\u2019il le souhaite, sont invit\u00e9s \u00e0 d\u00e9poser un livre dans l\u2019une des bo\u00eetes install\u00e9es dans les environs du th\u00e9\u00e2tre ainsi que dans notre hall. Neufs ou usag\u00e9s, classiques ou pratiques, les ouvrages se transforment en terrain de jeu.<\/p>\n<p>Emprunt\u00e9s pour le soir de l\u2019\u00e9v\u00e9nement, tous les livres retourneront ensuite dans les bo\u00eetes \u00e0 livres du quartier, prolongeant la rencontre en un dialogue continu entre le th\u00e9\u00e2tre, la litt\u00e9rature et la ville.<\/p>\n<p>Le bar du 140 restera ouvert toute la soir\u00e9e pour vous permettre d\u2019entrer et sortir \u00e0 votre guise durant ces six heures d\u2019extraordinaires lectures, de d\u00e9couvrir la\u00a0 s\u00e9lection de livres de TULITU\u00a0 et vous faire d\u00e9dicacer un exemplaire par les auteur.e.s.<\/p>\n<p>\u200b&#8212;Cr\u00e9dits<br \/>\nDirection artistique: Christian Lapointe \/ Collaboration \u00e0 la direction artistique: Isabelle W\u00e9ry \/ Avec: Christian Lapointe, le Cumaait (une vingtaine de membres du Collectif Utopique Militant d\u2019Autrices et d\u2019Auteurs Interplan\u00e9taire et Transg\u00e9n\u00e9rationnel: Stan Cotton, C\u00e9line Delbecq, St\u00e9phane Bissot, Fabien Dariel, St\u00e9phanie Mangez, Lise Martin, Nicole Desjardins, Pascale Henry, Carine Demange, Michel Bellier, Didier Poiteau, Roxane Lefebvre, Fran\u00e7oise Berlanger, Sarah Brahy, Milady Renoir, Marie Simonet, Fr\u00e9d\u00e9rique Dolphijn, Catherine Daele, Cathy Min Jung, Sylvie Landuyt , Christine Delmotte, Virginie Thirion, Julien Vargas, Veronika Mabardi, Natacha de Pontcharra, Nathalie Fillion et Alice Piemme), Genevi\u00e8ve Damas, Isabelle W\u00e9ry, S\u00e9bastien Ministru, Thomas Gunzig, V\u00e9ronique Bergen, Gioia Kayaga, Myriam Leroy, Antoine Boute, Laurence Vielle (distribution en cours).<br \/>\nMusique: Collectif du Lion (distribution en cours).<\/p>\n<p>Un \u00e9v\u00e9nement coproduit par <a href=\"https:\/\/www.facebook.com\/theatrecarteblanche.ca\/\" target=\"_blank\" rel=\"noopener\">Carte Blanche<\/a> et Le 140, soutenu par le <a href=\"https:\/\/www.facebook.com\/LeCALQ\/\" target=\"_blank\" rel=\"noopener\">Conseil des arts et des lettres du Qu\u00e9bec<\/a>, la <a href=\"https:\/\/www.facebook.com\/fwb.be\/\" target=\"_blank\" rel=\"noopener\">F\u00e9d\u00e9ration Wallonie-Bruxelles\/Officiel<\/a>, les <a href=\"https:\/\/www.facebook.com\/biblioschaerbeek\/\" target=\"_blank\" rel=\"noopener\">Biblioth\u00e8ques de Schaerbeek<\/a> et la <a href=\"https:\/\/www.facebook.com\/ScamBe-959394907527715\/\" target=\"_blank\" rel=\"noopener\">Scam.Be<\/a>.<\/p>\n","protected":false},"excerpt":{"rendered":"<p>Lecture-performance &amp; librairie d&#8217;un soir au 140 (140 avenue Plasky \u00e0 1030 Bxl) Notre biblioth\u00e8que &#8211; \u00c0 vos livres \u25a0 entr\u00e9e et sortie libres durant toute la soir\u00e9e TULITU s\u2019installera pour un soir dans le hall du th\u00e9\u00e2tre 140. Dans une ambiance de cabaret, des artistes, tous auteur.e.s (Isabelle W\u00e9ry, Damas Genevi\u00e8ve, Thomas Gunzig, Myriam &hellip; <a href=\"https:\/\/tulitu.eu\/wp\/?p=1224\" class=\"more-link\">Continue reading <span class=\"screen-reader-text\">Samedi 29 septembre de 19h \u00e0  1 heure du matin  Lecture-performance au 140<\/span> <span class=\"meta-nav\">&rarr;<\/span><\/a><\/p>\n","protected":false},"author":1,"featured_media":0,"comment_status":"open","ping_status":"open","sticky":false,"template":"","format":"standard","meta":{"footnotes":""},"categories":[2],"tags":[],"class_list":["post-1224","post","type-post","status-publish","format-standard","hentry","category-agenda"],"_links":{"self":[{"href":"https:\/\/tulitu.eu\/wp\/index.php?rest_route=\/wp\/v2\/posts\/1224","targetHints":{"allow":["GET"]}}],"collection":[{"href":"https:\/\/tulitu.eu\/wp\/index.php?rest_route=\/wp\/v2\/posts"}],"about":[{"href":"https:\/\/tulitu.eu\/wp\/index.php?rest_route=\/wp\/v2\/types\/post"}],"author":[{"embeddable":true,"href":"https:\/\/tulitu.eu\/wp\/index.php?rest_route=\/wp\/v2\/users\/1"}],"replies":[{"embeddable":true,"href":"https:\/\/tulitu.eu\/wp\/index.php?rest_route=%2Fwp%2Fv2%2Fcomments&post=1224"}],"version-history":[{"count":4,"href":"https:\/\/tulitu.eu\/wp\/index.php?rest_route=\/wp\/v2\/posts\/1224\/revisions"}],"predecessor-version":[{"id":1229,"href":"https:\/\/tulitu.eu\/wp\/index.php?rest_route=\/wp\/v2\/posts\/1224\/revisions\/1229"}],"wp:attachment":[{"href":"https:\/\/tulitu.eu\/wp\/index.php?rest_route=%2Fwp%2Fv2%2Fmedia&parent=1224"}],"wp:term":[{"taxonomy":"category","embeddable":true,"href":"https:\/\/tulitu.eu\/wp\/index.php?rest_route=%2Fwp%2Fv2%2Fcategories&post=1224"},{"taxonomy":"post_tag","embeddable":true,"href":"https:\/\/tulitu.eu\/wp\/index.php?rest_route=%2Fwp%2Fv2%2Ftags&post=1224"}],"curies":[{"name":"wp","href":"https:\/\/api.w.org\/{rel}","templated":true}]}}