{"id":1219,"date":"2018-08-17T12:15:39","date_gmt":"2018-08-17T12:15:39","guid":{"rendered":"http:\/\/tulitu.eu\/wp\/?p=1219"},"modified":"2018-08-17T12:15:39","modified_gmt":"2018-08-17T12:15:39","slug":"mardi-25-septembre-a-19-h-rencontre-avec-lauteur-antoine-wauters","status":"publish","type":"post","link":"https:\/\/tulitu.eu\/wp\/?p=1219","title":{"rendered":"Mardi 25 septembre \u00e0 19 h &#8211; rencontre avec l&#8217;auteur Antoine Wauters"},"content":{"rendered":"<p><a href=\"http:\/\/tulitu.eu\/wp\/wp-content\/uploads\/2018\/08\/wauters.jpg\"><img loading=\"lazy\" decoding=\"async\" class=\"alignnone size-medium wp-image-1220\" src=\"http:\/\/tulitu.eu\/wp\/wp-content\/uploads\/2018\/08\/wauters-300x144.jpg\" alt=\"\" width=\"300\" height=\"144\" srcset=\"https:\/\/tulitu.eu\/wp\/wp-content\/uploads\/2018\/08\/wauters-300x144.jpg 300w, https:\/\/tulitu.eu\/wp\/wp-content\/uploads\/2018\/08\/wauters-768x367.jpg 768w, https:\/\/tulitu.eu\/wp\/wp-content\/uploads\/2018\/08\/wauters.jpg 836w\" sizes=\"auto, (max-width: 300px) 100vw, 300px\" \/><\/a><\/p>\n<p>Nous sommes heureuses d\u2019accueillir Antoine Wauters \u00e0 l&#8217;occasion de la parution de deux romans parus aux Editions Verdier, &#8220;Pense aux pierres sous tes pas&#8221; et &#8220;Moi, Marthe et les autres&#8221;.<br \/>\nLe mot de l&#8217;\u00e9ditrice \u00e0 propos de &#8221; Pense aux pierres sous tes pas&#8217;:<br \/>\n&#8220;Dans un pays dont on ignore le nom, o\u00f9 se succ\u00e8dent des dictateurs qui tentent de le moderniser, une s\u0153ur et son fr\u00e8re jumeau vivent \u00e0 la ferme de leurs parents, au milieu des plaines.<br \/>\nMarcio travaille aux champs avec le p\u00e8re, un homme violent, tandis que L\u00e9onora s\u2019occupe de la maison avec sa m\u00e8re. Ils ont douze ans \u00e0 peine et leur complicit\u00e9 semble totale, leurs jeux interdits irr\u00e9pressibles. Mais un soir, alors que leurs corps se rapprochent doucement dans le fenil, le p\u00e8re surgit et voit se confirmer ce qu\u2019il a toujours suspect\u00e9.<br \/>\nTandis qu\u2019un nouveau coup d\u2019\u00c9tat vient de se produire, les parents d\u00e9cident de s\u00e9parer les jumeaux. Commence alors un combat long et incertain, celui de la r\u00e9invention de soi et de la qu\u00eate obstin\u00e9e de libert\u00e9.<br \/>\nV\u00e9ritable hymne \u00e0 la d\u00e9sob\u00e9issance, Pense aux pierres sous tes pas est \u00e9galement un cri d\u2019espoir. Et d\u2019amour fou.&#8221;<\/p>\n<p>&nbsp;<\/p>\n<p>Avec le soutien de la F\u00e9d\u00e9ration Wallonie-Bruxelles.<\/p>\n<p><a href=\"http:\/\/tulitu.eu\/wp\/wp-content\/uploads\/2018\/06\/logo_FWB.jpg\"><img loading=\"lazy\" decoding=\"async\" class=\"alignnone size-medium wp-image-1165\" src=\"http:\/\/tulitu.eu\/wp\/wp-content\/uploads\/2018\/06\/logo_FWB-300x87.jpg\" alt=\"\" width=\"300\" height=\"87\" srcset=\"https:\/\/tulitu.eu\/wp\/wp-content\/uploads\/2018\/06\/logo_FWB-300x87.jpg 300w, https:\/\/tulitu.eu\/wp\/wp-content\/uploads\/2018\/06\/logo_FWB-768x224.jpg 768w, https:\/\/tulitu.eu\/wp\/wp-content\/uploads\/2018\/06\/logo_FWB-1024x299.jpg 1024w, https:\/\/tulitu.eu\/wp\/wp-content\/uploads\/2018\/06\/logo_FWB.jpg 1382w\" sizes=\"auto, (max-width: 300px) 100vw, 300px\" \/><\/a><\/p>\n","protected":false},"excerpt":{"rendered":"<p>Nous sommes heureuses d\u2019accueillir Antoine Wauters \u00e0 l&#8217;occasion de la parution de deux romans parus aux Editions Verdier, &#8220;Pense aux pierres sous tes pas&#8221; et &#8220;Moi, Marthe et les autres&#8221;. Le mot de l&#8217;\u00e9ditrice \u00e0 propos de &#8221; Pense aux pierres sous tes pas&#8217;: &#8220;Dans un pays dont on ignore le nom, o\u00f9 se succ\u00e8dent &hellip; <a href=\"https:\/\/tulitu.eu\/wp\/?p=1219\" class=\"more-link\">Continue reading <span class=\"screen-reader-text\">Mardi 25 septembre \u00e0 19 h &#8211; rencontre avec l&#8217;auteur Antoine Wauters<\/span> <span class=\"meta-nav\">&rarr;<\/span><\/a><\/p>\n","protected":false},"author":1,"featured_media":0,"comment_status":"open","ping_status":"open","sticky":false,"template":"","format":"standard","meta":{"footnotes":""},"categories":[2],"tags":[],"class_list":["post-1219","post","type-post","status-publish","format-standard","hentry","category-agenda"],"_links":{"self":[{"href":"https:\/\/tulitu.eu\/wp\/index.php?rest_route=\/wp\/v2\/posts\/1219","targetHints":{"allow":["GET"]}}],"collection":[{"href":"https:\/\/tulitu.eu\/wp\/index.php?rest_route=\/wp\/v2\/posts"}],"about":[{"href":"https:\/\/tulitu.eu\/wp\/index.php?rest_route=\/wp\/v2\/types\/post"}],"author":[{"embeddable":true,"href":"https:\/\/tulitu.eu\/wp\/index.php?rest_route=\/wp\/v2\/users\/1"}],"replies":[{"embeddable":true,"href":"https:\/\/tulitu.eu\/wp\/index.php?rest_route=%2Fwp%2Fv2%2Fcomments&post=1219"}],"version-history":[{"count":1,"href":"https:\/\/tulitu.eu\/wp\/index.php?rest_route=\/wp\/v2\/posts\/1219\/revisions"}],"predecessor-version":[{"id":1221,"href":"https:\/\/tulitu.eu\/wp\/index.php?rest_route=\/wp\/v2\/posts\/1219\/revisions\/1221"}],"wp:attachment":[{"href":"https:\/\/tulitu.eu\/wp\/index.php?rest_route=%2Fwp%2Fv2%2Fmedia&parent=1219"}],"wp:term":[{"taxonomy":"category","embeddable":true,"href":"https:\/\/tulitu.eu\/wp\/index.php?rest_route=%2Fwp%2Fv2%2Fcategories&post=1219"},{"taxonomy":"post_tag","embeddable":true,"href":"https:\/\/tulitu.eu\/wp\/index.php?rest_route=%2Fwp%2Fv2%2Ftags&post=1219"}],"curies":[{"name":"wp","href":"https:\/\/api.w.org\/{rel}","templated":true}]}}