{"id":1213,"date":"2018-08-17T12:01:29","date_gmt":"2018-08-17T12:01:29","guid":{"rendered":"http:\/\/tulitu.eu\/wp\/?p=1213"},"modified":"2018-08-24T15:07:22","modified_gmt":"2018-08-24T15:07:22","slug":"18-septembre-a-19h-rencontre-autour-de-gloria-steinem","status":"publish","type":"post","link":"https:\/\/tulitu.eu\/wp\/?p=1213","title":{"rendered":"Mardi 18 septembre \u00e0 19h &#8211; Rencontre autour de Gloria Steinem"},"content":{"rendered":"<p><a href=\"http:\/\/tulitu.eu\/wp\/wp-content\/uploads\/2018\/08\/steinem.jpg\"><img loading=\"lazy\" decoding=\"async\" class=\"alignnone size-medium wp-image-1214\" src=\"http:\/\/tulitu.eu\/wp\/wp-content\/uploads\/2018\/08\/steinem-225x300.jpg\" alt=\"\" width=\"225\" height=\"300\" srcset=\"https:\/\/tulitu.eu\/wp\/wp-content\/uploads\/2018\/08\/steinem-225x300.jpg 225w, https:\/\/tulitu.eu\/wp\/wp-content\/uploads\/2018\/08\/steinem.jpg 720w\" sizes=\"auto, (max-width: 225px) 100vw, 225px\" \/><\/a><a href=\"http:\/\/tulitu.eu\/wp\/wp-content\/uploads\/2018\/08\/revueportrait.png\"><img loading=\"lazy\" decoding=\"async\" class=\"alignnone size-medium wp-image-1215\" src=\"http:\/\/tulitu.eu\/wp\/wp-content\/uploads\/2018\/08\/revueportrait-215x300.png\" alt=\"\" width=\"215\" height=\"300\" srcset=\"https:\/\/tulitu.eu\/wp\/wp-content\/uploads\/2018\/08\/revueportrait-215x300.png 215w, https:\/\/tulitu.eu\/wp\/wp-content\/uploads\/2018\/08\/revueportrait.png 438w\" sizes=\"auto, (max-width: 215px) 100vw, 215px\" \/><\/a><\/p>\n<p>Bienvenue \u00e0 Rach\u00e8le Bevilacqua, directrice \u00e9ditoriale des \u00e9ditions du Portrait qui viendra nous pr\u00e9senter &#8220;Actions scandaleuses et r\u00e9bellions quotidiennes&#8221; de Gloria Steinem ainsi que la revue Portrait, le monde en t\u00eates num\u00e9ro 5 &#8211; \u00c9tats-Unis : identit\u00e9s rebelles.<\/p>\n<p>Gloria Steinem est n\u00e9e en 1934 \u00e0 Toledo, Ohio.<br \/>\nJournaliste, autrice et conf\u00e9renci\u00e8re, elle a co-fond\u00e9 plusieurs organisations nationales qui garantissent le respect des droits de la femme, et des m\u00e9dias comme le New York Magazine ou Ms Magazine. Symbole du f\u00e9minisme, elle est devenue une ic\u00f4ne de la culture populaire am\u00e9ricaine.<\/p>\n<p>&#8220;Actions scandaleuses et r\u00e9bellions quotidiennes&#8221; est le premier ouvrage de Gloria Steinem; il &#8220;retrace 15 ann\u00e9es pass\u00e9es sur les routes pour d\u00e9fendre l\u2019\u00e9galit\u00e9 homme\/femme; soit 27 textes \u00e9crits avec beaucoup d\u2019humour, de finesse, de justesse, qui d\u00e9crivent l\u2019enfermement que la soci\u00e9t\u00e9 impose aux femmes mais aussi et surtout la possibilit\u00e9 pour elles de s\u2019\u00e9manciper des r\u00f4les qui leur ont \u00e9t\u00e9 attribu\u00e9s.&#8221;<\/p>\n<p>La revue Portait, le monde en t\u00eate, &#8220;dresse le portrait de personnes qui am\u00e8nent des id\u00e9es nouvelles au monde pour inclure, toujours plus, l\u2019autre. Les textes sont sign\u00e9s par des \u00e9crivains et accompagn\u00e9s d\u2019images. Tout est cr\u00e9\u00e9 et produit pour la revue. Un th\u00e8me traverse chaque num\u00e9ro.<br \/>\nPour le num\u00e9ro 5, &#8220;des autrices fran\u00e7aises rencontrent des auteurs am\u00e9ricains. Leurs conversations convergent vers l\u2019identit\u00e9, les identit\u00e9s. La distance des unes sur la culture des autres r\u00e9v\u00e8le des identit\u00e9s forg\u00e9es en opposition au formatage qu\u2019essaie d\u2019imposer avec force la soci\u00e9t\u00e9 am\u00e9ricaine. Ce jeu de miroir raconte aussi la vigueur d\u2019une certaine litt\u00e9rature am\u00e9ricaine.&#8221;<\/p>\n<p>La rencontre sera anim\u00e9e par\u00a0 Caroline Godart.<\/p>\n<p>Avec le soutien de la F\u00e9d\u00e9ration Wallonie-Bruxelles.<\/p>\n<p><a href=\"http:\/\/tulitu.eu\/wp\/wp-content\/uploads\/2018\/06\/logo_FWB.jpg\"><img loading=\"lazy\" decoding=\"async\" class=\"alignnone size-medium wp-image-1165\" src=\"http:\/\/tulitu.eu\/wp\/wp-content\/uploads\/2018\/06\/logo_FWB-300x87.jpg\" alt=\"\" width=\"300\" height=\"87\" srcset=\"https:\/\/tulitu.eu\/wp\/wp-content\/uploads\/2018\/06\/logo_FWB-300x87.jpg 300w, https:\/\/tulitu.eu\/wp\/wp-content\/uploads\/2018\/06\/logo_FWB-768x224.jpg 768w, https:\/\/tulitu.eu\/wp\/wp-content\/uploads\/2018\/06\/logo_FWB-1024x299.jpg 1024w, https:\/\/tulitu.eu\/wp\/wp-content\/uploads\/2018\/06\/logo_FWB.jpg 1382w\" sizes=\"auto, (max-width: 300px) 100vw, 300px\" \/><\/a><\/p>\n","protected":false},"excerpt":{"rendered":"<p>Bienvenue \u00e0 Rach\u00e8le Bevilacqua, directrice \u00e9ditoriale des \u00e9ditions du Portrait qui viendra nous pr\u00e9senter &#8220;Actions scandaleuses et r\u00e9bellions quotidiennes&#8221; de Gloria Steinem ainsi que la revue Portrait, le monde en t\u00eates num\u00e9ro 5 &#8211; \u00c9tats-Unis : identit\u00e9s rebelles. Gloria Steinem est n\u00e9e en 1934 \u00e0 Toledo, Ohio. Journaliste, autrice et conf\u00e9renci\u00e8re, elle a co-fond\u00e9 plusieurs &hellip; <a href=\"https:\/\/tulitu.eu\/wp\/?p=1213\" class=\"more-link\">Continue reading <span class=\"screen-reader-text\">Mardi 18 septembre \u00e0 19h &#8211; Rencontre autour de Gloria Steinem<\/span> <span class=\"meta-nav\">&rarr;<\/span><\/a><\/p>\n","protected":false},"author":1,"featured_media":0,"comment_status":"open","ping_status":"open","sticky":false,"template":"","format":"standard","meta":{"footnotes":""},"categories":[2],"tags":[],"class_list":["post-1213","post","type-post","status-publish","format-standard","hentry","category-agenda"],"_links":{"self":[{"href":"https:\/\/tulitu.eu\/wp\/index.php?rest_route=\/wp\/v2\/posts\/1213","targetHints":{"allow":["GET"]}}],"collection":[{"href":"https:\/\/tulitu.eu\/wp\/index.php?rest_route=\/wp\/v2\/posts"}],"about":[{"href":"https:\/\/tulitu.eu\/wp\/index.php?rest_route=\/wp\/v2\/types\/post"}],"author":[{"embeddable":true,"href":"https:\/\/tulitu.eu\/wp\/index.php?rest_route=\/wp\/v2\/users\/1"}],"replies":[{"embeddable":true,"href":"https:\/\/tulitu.eu\/wp\/index.php?rest_route=%2Fwp%2Fv2%2Fcomments&post=1213"}],"version-history":[{"count":5,"href":"https:\/\/tulitu.eu\/wp\/index.php?rest_route=\/wp\/v2\/posts\/1213\/revisions"}],"predecessor-version":[{"id":1223,"href":"https:\/\/tulitu.eu\/wp\/index.php?rest_route=\/wp\/v2\/posts\/1213\/revisions\/1223"}],"wp:attachment":[{"href":"https:\/\/tulitu.eu\/wp\/index.php?rest_route=%2Fwp%2Fv2%2Fmedia&parent=1213"}],"wp:term":[{"taxonomy":"category","embeddable":true,"href":"https:\/\/tulitu.eu\/wp\/index.php?rest_route=%2Fwp%2Fv2%2Fcategories&post=1213"},{"taxonomy":"post_tag","embeddable":true,"href":"https:\/\/tulitu.eu\/wp\/index.php?rest_route=%2Fwp%2Fv2%2Ftags&post=1213"}],"curies":[{"name":"wp","href":"https:\/\/api.w.org\/{rel}","templated":true}]}}