{"id":1159,"date":"2018-05-13T14:52:47","date_gmt":"2018-05-13T14:52:47","guid":{"rendered":"http:\/\/tulitu.eu\/wp\/?p=1159"},"modified":"2018-05-13T14:52:47","modified_gmt":"2018-05-13T14:52:47","slug":"jeudi-7-juin-a-19h-rencontre-avec-michele-plomer","status":"publish","type":"post","link":"https:\/\/tulitu.eu\/wp\/?p=1159","title":{"rendered":"Jeudi 7 juin \u00e0 19h Rencontre avec Mich\u00e8le Plomer"},"content":{"rendered":"<p><a href=\"http:\/\/tulitu.eu\/wp\/wp-content\/uploads\/2018\/05\/plomer2.jpg\"><img loading=\"lazy\" decoding=\"async\" class=\"alignnone size-medium wp-image-1160\" src=\"http:\/\/tulitu.eu\/wp\/wp-content\/uploads\/2018\/05\/plomer2-200x300.jpg\" alt=\"plomer2\" width=\"200\" height=\"300\" srcset=\"https:\/\/tulitu.eu\/wp\/wp-content\/uploads\/2018\/05\/plomer2-200x300.jpg 200w, https:\/\/tulitu.eu\/wp\/wp-content\/uploads\/2018\/05\/plomer2-682x1024.jpg 682w, https:\/\/tulitu.eu\/wp\/wp-content\/uploads\/2018\/05\/plomer2.jpg 2020w\" sizes=\"auto, (max-width: 200px) 100vw, 200px\" \/><\/a><\/p>\n<p>Nous sommes tr\u00e8s heureuses d&#8217;accueillir l&#8217;auteure qu\u00e9b\u00e9coise Mich\u00e8le Plomer \u00e0 l&#8217;occasion de la parution en Europe de son roman &#8216;La petite voleuse de perles&#8221; (HKPQ pour les qu\u00e9b\u00e9cois) chez <a href=\"https:\/\/www.facebook.com\/genese.edition\/\">Gen\u00e8se \u00c9dition<\/a>.<br \/>\nElle nous parlera \u00e9galement de son dernier roman &#8220;Etincelle&#8221; paru chez Marchand de feuilles.<\/p>\n<p>La rencontre sera anim\u00e9e par Ariane Herman.<br \/>\nAvec le soutien de la D\u00e9l\u00e9gation g\u00e9n\u00e9rale du Qu\u00e9bec \u00e0 Bruxelles.<\/p>\n","protected":false},"excerpt":{"rendered":"<p>Nous sommes tr\u00e8s heureuses d&#8217;accueillir l&#8217;auteure qu\u00e9b\u00e9coise Mich\u00e8le Plomer \u00e0 l&#8217;occasion de la parution en Europe de son roman &#8216;La petite voleuse de perles&#8221; (HKPQ pour les qu\u00e9b\u00e9cois) chez Gen\u00e8se \u00c9dition. Elle nous parlera \u00e9galement de son dernier roman &#8220;Etincelle&#8221; paru chez Marchand de feuilles. La rencontre sera anim\u00e9e par Ariane Herman. Avec le soutien &hellip; <a href=\"https:\/\/tulitu.eu\/wp\/?p=1159\" class=\"more-link\">Continue reading <span class=\"screen-reader-text\">Jeudi 7 juin \u00e0 19h Rencontre avec Mich\u00e8le Plomer<\/span> <span class=\"meta-nav\">&rarr;<\/span><\/a><\/p>\n","protected":false},"author":1,"featured_media":0,"comment_status":"open","ping_status":"open","sticky":false,"template":"","format":"standard","meta":{"footnotes":""},"categories":[2],"tags":[],"class_list":["post-1159","post","type-post","status-publish","format-standard","hentry","category-agenda"],"_links":{"self":[{"href":"https:\/\/tulitu.eu\/wp\/index.php?rest_route=\/wp\/v2\/posts\/1159","targetHints":{"allow":["GET"]}}],"collection":[{"href":"https:\/\/tulitu.eu\/wp\/index.php?rest_route=\/wp\/v2\/posts"}],"about":[{"href":"https:\/\/tulitu.eu\/wp\/index.php?rest_route=\/wp\/v2\/types\/post"}],"author":[{"embeddable":true,"href":"https:\/\/tulitu.eu\/wp\/index.php?rest_route=\/wp\/v2\/users\/1"}],"replies":[{"embeddable":true,"href":"https:\/\/tulitu.eu\/wp\/index.php?rest_route=%2Fwp%2Fv2%2Fcomments&post=1159"}],"version-history":[{"count":1,"href":"https:\/\/tulitu.eu\/wp\/index.php?rest_route=\/wp\/v2\/posts\/1159\/revisions"}],"predecessor-version":[{"id":1161,"href":"https:\/\/tulitu.eu\/wp\/index.php?rest_route=\/wp\/v2\/posts\/1159\/revisions\/1161"}],"wp:attachment":[{"href":"https:\/\/tulitu.eu\/wp\/index.php?rest_route=%2Fwp%2Fv2%2Fmedia&parent=1159"}],"wp:term":[{"taxonomy":"category","embeddable":true,"href":"https:\/\/tulitu.eu\/wp\/index.php?rest_route=%2Fwp%2Fv2%2Fcategories&post=1159"},{"taxonomy":"post_tag","embeddable":true,"href":"https:\/\/tulitu.eu\/wp\/index.php?rest_route=%2Fwp%2Fv2%2Ftags&post=1159"}],"curies":[{"name":"wp","href":"https:\/\/api.w.org\/{rel}","templated":true}]}}