{"id":1141,"date":"2018-04-05T12:30:21","date_gmt":"2018-04-05T12:30:21","guid":{"rendered":"http:\/\/tulitu.eu\/wp\/?p=1141"},"modified":"2018-06-10T10:56:43","modified_gmt":"2018-06-10T10:56:43","slug":"mercredi-16-mai-a-19h-rencontre-avec-ariane-le-fort","status":"publish","type":"post","link":"https:\/\/tulitu.eu\/wp\/?p=1141","title":{"rendered":"Mercredi 16 mai \u00e0 19h Rencontre avec Ariane Le Fort"},"content":{"rendered":"<p><a href=\"http:\/\/tulitu.eu\/wp\/wp-content\/uploads\/2018\/04\/arianelefort.jpg\"><img loading=\"lazy\" decoding=\"async\" class=\"alignnone size-medium wp-image-1142\" src=\"http:\/\/tulitu.eu\/wp\/wp-content\/uploads\/2018\/04\/arianelefort-205x300.jpg\" alt=\"arianelefort\" width=\"205\" height=\"300\" srcset=\"https:\/\/tulitu.eu\/wp\/wp-content\/uploads\/2018\/04\/arianelefort-205x300.jpg 205w, https:\/\/tulitu.eu\/wp\/wp-content\/uploads\/2018\/04\/arianelefort.jpg 409w\" sizes=\"auto, (max-width: 205px) 100vw, 205px\" \/><\/a><\/p>\n<p><span class=\"_4n-j _3cht fsl\" data-testid=\"event-permalink-details\">Quelle joie d&#8217;accueillir chez nous Ariane Le Fort \u00e0 l&#8217;occasion de la parution de son nouveau roman &#8220;Partir avant la fin&#8221; publi\u00e9 au <a href=\"https:\/\/www.facebook.com\/Seuil\/\" data-hovercard=\"\/ajax\/hovercard\/page.php?id=166627996697837&amp;extragetparams=%7B%22directed_target_id%22%3A784035961794647%7D\" data-hovercard-prefer-more-content-show=\"1\">Seuil<\/a>.<\/span><\/p>\n<p>La rencontre sera anim\u00e9e par Marie Vanhamme.<\/p>\n<p>Avec le soutien de la F\u00e9d\u00e9ration Wallonie-Bruxelles<\/p>\n<p><a href=\"http:\/\/tulitu.eu\/wp\/wp-content\/uploads\/2018\/06\/logo_FWB.jpg\"><img loading=\"lazy\" decoding=\"async\" class=\"alignnone size-medium wp-image-1165\" src=\"http:\/\/tulitu.eu\/wp\/wp-content\/uploads\/2018\/06\/logo_FWB-300x87.jpg\" alt=\"\" width=\"300\" height=\"87\" srcset=\"https:\/\/tulitu.eu\/wp\/wp-content\/uploads\/2018\/06\/logo_FWB-300x87.jpg 300w, https:\/\/tulitu.eu\/wp\/wp-content\/uploads\/2018\/06\/logo_FWB-768x224.jpg 768w, https:\/\/tulitu.eu\/wp\/wp-content\/uploads\/2018\/06\/logo_FWB-1024x299.jpg 1024w, https:\/\/tulitu.eu\/wp\/wp-content\/uploads\/2018\/06\/logo_FWB.jpg 1382w\" sizes=\"auto, (max-width: 300px) 100vw, 300px\" \/><\/a><\/p>\n","protected":false},"excerpt":{"rendered":"<p>Quelle joie d&#8217;accueillir chez nous Ariane Le Fort \u00e0 l&#8217;occasion de la parution de son nouveau roman &#8220;Partir avant la fin&#8221; publi\u00e9 au Seuil. La rencontre sera anim\u00e9e par Marie Vanhamme. Avec le soutien de la F\u00e9d\u00e9ration Wallonie-Bruxelles<\/p>\n","protected":false},"author":1,"featured_media":0,"comment_status":"open","ping_status":"open","sticky":false,"template":"","format":"standard","meta":{"footnotes":""},"categories":[2],"tags":[],"class_list":["post-1141","post","type-post","status-publish","format-standard","hentry","category-agenda"],"_links":{"self":[{"href":"https:\/\/tulitu.eu\/wp\/index.php?rest_route=\/wp\/v2\/posts\/1141","targetHints":{"allow":["GET"]}}],"collection":[{"href":"https:\/\/tulitu.eu\/wp\/index.php?rest_route=\/wp\/v2\/posts"}],"about":[{"href":"https:\/\/tulitu.eu\/wp\/index.php?rest_route=\/wp\/v2\/types\/post"}],"author":[{"embeddable":true,"href":"https:\/\/tulitu.eu\/wp\/index.php?rest_route=\/wp\/v2\/users\/1"}],"replies":[{"embeddable":true,"href":"https:\/\/tulitu.eu\/wp\/index.php?rest_route=%2Fwp%2Fv2%2Fcomments&post=1141"}],"version-history":[{"count":3,"href":"https:\/\/tulitu.eu\/wp\/index.php?rest_route=\/wp\/v2\/posts\/1141\/revisions"}],"predecessor-version":[{"id":1171,"href":"https:\/\/tulitu.eu\/wp\/index.php?rest_route=\/wp\/v2\/posts\/1141\/revisions\/1171"}],"wp:attachment":[{"href":"https:\/\/tulitu.eu\/wp\/index.php?rest_route=%2Fwp%2Fv2%2Fmedia&parent=1141"}],"wp:term":[{"taxonomy":"category","embeddable":true,"href":"https:\/\/tulitu.eu\/wp\/index.php?rest_route=%2Fwp%2Fv2%2Fcategories&post=1141"},{"taxonomy":"post_tag","embeddable":true,"href":"https:\/\/tulitu.eu\/wp\/index.php?rest_route=%2Fwp%2Fv2%2Ftags&post=1141"}],"curies":[{"name":"wp","href":"https:\/\/api.w.org\/{rel}","templated":true}]}}