{"id":1138,"date":"2018-04-05T12:13:05","date_gmt":"2018-04-05T12:13:05","guid":{"rendered":"http:\/\/tulitu.eu\/wp\/?p=1138"},"modified":"2018-06-10T10:57:06","modified_gmt":"2018-06-10T10:57:06","slug":"mercredi-2-mai-a-19h-conference-slam-avec-lisette-lombe","status":"publish","type":"post","link":"https:\/\/tulitu.eu\/wp\/?p=1138","title":{"rendered":"Mercredi 2 mai \u00e0 19h Conf\u00e9rence-slam avec Lisette Lomb\u00e9"},"content":{"rendered":"<p><a href=\"http:\/\/tulitu.eu\/wp\/wp-content\/uploads\/2018\/04\/Lisette.jpg\"><img loading=\"lazy\" decoding=\"async\" class=\"alignnone size-medium wp-image-1139\" src=\"http:\/\/tulitu.eu\/wp\/wp-content\/uploads\/2018\/04\/Lisette-196x300.jpg\" alt=\"Lisette\" width=\"196\" height=\"300\" srcset=\"https:\/\/tulitu.eu\/wp\/wp-content\/uploads\/2018\/04\/Lisette-196x300.jpg 196w, https:\/\/tulitu.eu\/wp\/wp-content\/uploads\/2018\/04\/Lisette-667x1024.jpg 667w, https:\/\/tulitu.eu\/wp\/wp-content\/uploads\/2018\/04\/Lisette.jpg 704w\" sizes=\"auto, (max-width: 196px) 100vw, 196px\" \/><\/a><\/p>\n<p>La magie du burn-out est une conf\u00e9rence-invitation \u00e0 devenir l\u2019artiste de sa gu\u00e9rison.<br \/>\nM\u00e9lange de t\u00e9moignages, de haltes po\u00e9tiques (lectures-performances slam) et d\u2019\u00e9changes pour briller l\u00e0 o\u00f9 nous br\u00fblions.<\/p>\n<p>Avec le soutien de la F\u00e9d\u00e9ration Wallonie-Bruxelles<\/p>\n<p><a href=\"http:\/\/tulitu.eu\/wp\/wp-content\/uploads\/2018\/06\/logo_FWB.jpg\"><img loading=\"lazy\" decoding=\"async\" class=\"alignnone size-medium wp-image-1165\" src=\"http:\/\/tulitu.eu\/wp\/wp-content\/uploads\/2018\/06\/logo_FWB-300x87.jpg\" alt=\"\" width=\"300\" height=\"87\" srcset=\"https:\/\/tulitu.eu\/wp\/wp-content\/uploads\/2018\/06\/logo_FWB-300x87.jpg 300w, https:\/\/tulitu.eu\/wp\/wp-content\/uploads\/2018\/06\/logo_FWB-768x224.jpg 768w, https:\/\/tulitu.eu\/wp\/wp-content\/uploads\/2018\/06\/logo_FWB-1024x299.jpg 1024w, https:\/\/tulitu.eu\/wp\/wp-content\/uploads\/2018\/06\/logo_FWB.jpg 1382w\" sizes=\"auto, (max-width: 300px) 100vw, 300px\" \/><\/a><\/p>\n","protected":false},"excerpt":{"rendered":"<p>La magie du burn-out est une conf\u00e9rence-invitation \u00e0 devenir l\u2019artiste de sa gu\u00e9rison. M\u00e9lange de t\u00e9moignages, de haltes po\u00e9tiques (lectures-performances slam) et d\u2019\u00e9changes pour briller l\u00e0 o\u00f9 nous br\u00fblions. Avec le soutien de la F\u00e9d\u00e9ration Wallonie-Bruxelles<\/p>\n","protected":false},"author":1,"featured_media":0,"comment_status":"open","ping_status":"open","sticky":false,"template":"","format":"standard","meta":{"footnotes":""},"categories":[2],"tags":[],"class_list":["post-1138","post","type-post","status-publish","format-standard","hentry","category-agenda"],"_links":{"self":[{"href":"https:\/\/tulitu.eu\/wp\/index.php?rest_route=\/wp\/v2\/posts\/1138","targetHints":{"allow":["GET"]}}],"collection":[{"href":"https:\/\/tulitu.eu\/wp\/index.php?rest_route=\/wp\/v2\/posts"}],"about":[{"href":"https:\/\/tulitu.eu\/wp\/index.php?rest_route=\/wp\/v2\/types\/post"}],"author":[{"embeddable":true,"href":"https:\/\/tulitu.eu\/wp\/index.php?rest_route=\/wp\/v2\/users\/1"}],"replies":[{"embeddable":true,"href":"https:\/\/tulitu.eu\/wp\/index.php?rest_route=%2Fwp%2Fv2%2Fcomments&post=1138"}],"version-history":[{"count":2,"href":"https:\/\/tulitu.eu\/wp\/index.php?rest_route=\/wp\/v2\/posts\/1138\/revisions"}],"predecessor-version":[{"id":1172,"href":"https:\/\/tulitu.eu\/wp\/index.php?rest_route=\/wp\/v2\/posts\/1138\/revisions\/1172"}],"wp:attachment":[{"href":"https:\/\/tulitu.eu\/wp\/index.php?rest_route=%2Fwp%2Fv2%2Fmedia&parent=1138"}],"wp:term":[{"taxonomy":"category","embeddable":true,"href":"https:\/\/tulitu.eu\/wp\/index.php?rest_route=%2Fwp%2Fv2%2Fcategories&post=1138"},{"taxonomy":"post_tag","embeddable":true,"href":"https:\/\/tulitu.eu\/wp\/index.php?rest_route=%2Fwp%2Fv2%2Ftags&post=1138"}],"curies":[{"name":"wp","href":"https:\/\/api.w.org\/{rel}","templated":true}]}}