{"id":1094,"date":"2018-02-28T10:21:22","date_gmt":"2018-02-28T10:21:22","guid":{"rendered":"http:\/\/tulitu.eu\/wp\/?p=1094"},"modified":"2018-06-10T10:59:21","modified_gmt":"2018-06-10T10:59:21","slug":"mardi-20-mars-a-19h-rencontre-avec-zained-hambdi-et-alexis-alvarez-publies-chez-tetras-lyre","status":"publish","type":"post","link":"https:\/\/tulitu.eu\/wp\/?p=1094","title":{"rendered":"Mardi 20 mars \u00e0 19h Rencontre avec Za\u00efneb Hamdi et Alexis Alvarez publi\u00e9s chez T\u00e9tras Lyre"},"content":{"rendered":"<p><a href=\"http:\/\/tulitu.eu\/wp\/wp-content\/uploads\/2018\/02\/Fils-darabe.jpg\"><img loading=\"lazy\" decoding=\"async\" class=\"alignnone size-medium wp-image-1095\" src=\"http:\/\/tulitu.eu\/wp\/wp-content\/uploads\/2018\/02\/Fils-darabe-205x300.jpg\" alt=\"Fils-darabe\" width=\"205\" height=\"300\" srcset=\"https:\/\/tulitu.eu\/wp\/wp-content\/uploads\/2018\/02\/Fils-darabe-205x300.jpg 205w, https:\/\/tulitu.eu\/wp\/wp-content\/uploads\/2018\/02\/Fils-darabe-699x1024.jpg 699w, https:\/\/tulitu.eu\/wp\/wp-content\/uploads\/2018\/02\/Fils-darabe.jpg 1654w\" sizes=\"auto, (max-width: 205px) 100vw, 205px\" \/><\/a><a href=\"http:\/\/tulitu.eu\/wp\/wp-content\/uploads\/2018\/02\/t\u00e9tralyre.png\"><img loading=\"lazy\" decoding=\"async\" class=\"alignnone size-medium wp-image-1096\" src=\"http:\/\/tulitu.eu\/wp\/wp-content\/uploads\/2018\/02\/t\u00e9tralyre-223x300.png\" alt=\"t\u00e9tralyre\" width=\"223\" height=\"300\" srcset=\"https:\/\/tulitu.eu\/wp\/wp-content\/uploads\/2018\/02\/t\u00e9tralyre-223x300.png 223w, https:\/\/tulitu.eu\/wp\/wp-content\/uploads\/2018\/02\/t\u00e9tralyre.png 680w\" sizes=\"auto, (max-width: 223px) 100vw, 223px\" \/><\/a><\/p>\n<p><span style=\"font-family: Times\\ New\\ Roman, serif;\"><b>Za\u00efneb Hamdi<\/b> <\/span><\/p>\n<p align=\"justify\"><span style=\"font-family: Times\\ New\\ Roman, serif;\">Za\u00efneb Hamdi est n\u00e9e en 1990 \u00e0 Li\u00e8ge et vit actuellement \u00e0 Bruxelles. <i><b>Fils d\u2019Arabe<\/b><\/i>, publi\u00e9 en 2017 au T\u00e9tras Lyre, est son premier recueil. <\/span><\/p>\n<p align=\"justify\"><span style=\"font-family: Times\\ New\\ Roman, serif;\">Comment vivre avec des bouts de monde qui nous fa\u00e7onnent une identit\u00e9 multiple\u00a0? Qui nous tissent des liens ambigus avec le divin\u00a0? Qui nous placent en porte-\u00e0-faux face aux r\u00e9alit\u00e9s cinglantes d\u2019ici et d\u2019ailleurs\u00a0? Par une \u00e9criture vive, tant\u00f4t teint\u00e9e de traditions, tant\u00f4t nourrie de faits contemporains, l\u2019auteure aborde des questions d\u2019actualit\u00e9 \u00e0 bras le corps, loin des clich\u00e9s et des st\u00e9r\u00e9otypes attendus et entendus. <\/span><\/p>\n<p align=\"justify\"><span style=\"font-family: Times\\ New\\ Roman, serif;\">\u00a0<\/span><\/p>\n<p><span style=\"font-family: Times\\ New\\ Roman, serif;\"><b>Alexis Alvarez <\/b><\/span><\/p>\n<p align=\"justify\"><span style=\"font-family: Times\\ New\\ Roman, serif;\">Alexis Alvarez (1980), vit et travaille \u00e0 Li\u00e8ge. <i><b>Une Ann\u00e9e Sans Lumi\u00e8re<\/b><\/i> est son deuxi\u00e8me recueil, apr\u00e8s <i>Exercices de Chute<\/i><i><b> <\/b><\/i>publi\u00e9 en 2010 \u00e0 l\u2019Arbre \u00e0 Paroles. Il est \u00e9galement auteur\/compositeur dans Fastlane Candies et Mini Sultan. <\/span><\/p>\n<p align=\"justify\"><span style=\"color: #000000;\"><span style=\"font-family: Times\\ New\\ Roman, serif;\">Depuis ses Exercices de chute, Alexis Alvarez continue sa d\u00e9gringolade. Puisque l\u2019important c\u2019est l\u2019atterrissage, il est venu coucher sur papier le choc de quelques r\u00e9flexions, tant\u00f4t niaises tant\u00f4t sordides, qui trouvent habituellement \u00e0 s\u2019\u00e9craser dans un coin de transport en commun comme de r\u00e9seaux sociaux. Une s\u00e9rie de frappes minimalistes viennent donc heurter le lecteur dans une po\u00e9sie du quotidien, de l\u2019\u00e9ph\u00e9m\u00e8re assez sale, loin des salons et des biblioth\u00e8ques : le na\u00eff y est ridicule, mais beau ; le laid y est ridicule, mais beau. L\u2019important c\u2019est de bousculer, avec l\u00e9g\u00e8ret\u00e9 \u2013 trouver le contact, quel qu\u2019il soit. De toute mani\u00e8re, litt\u00e9rature ou spam, <\/span><\/span><\/p>\n<p align=\"left\"><span style=\"color: #000000;\"><span style=\"font-family: Times\\ New\\ Roman, serif;\">La Terre <\/span><\/span><\/p>\n<p align=\"left\"><span style=\"color: #000000;\"><span style=\"font-family: Times\\ New\\ Roman, serif;\">est <\/span><\/span><\/p>\n<p align=\"left\"><span style=\"color: #000000;\"><span style=\"font-family: Times\\ New\\ Roman, serif;\">une <\/span><\/span><\/p>\n<p align=\"left\"><span style=\"color: #000000;\"><span style=\"font-family: Times\\ New\\ Roman, serif;\">baballe <\/span><\/span><\/p>\n<p align=\"left\"><span style=\"color: #000000;\"><span style=\"font-family: Times\\ New\\ Roman, serif;\">pleine de <\/span><\/span><\/p>\n<p align=\"left\"><span style=\"color: #000000;\"><span style=\"font-family: Times\\ New\\ Roman, serif;\">connards<\/span><\/span><\/p>\n<p align=\"justify\"><span style=\"font-family: Times\\ New\\ Roman, serif;\">\u00a0<\/span><\/p>\n<p align=\"justify\">Avec le soutien de la F\u00e9d\u00e9ration Wallonie-Bruxelles<\/p>\n<p align=\"justify\"><a href=\"http:\/\/tulitu.eu\/wp\/wp-content\/uploads\/2018\/06\/logo_FWB.jpg\"><img loading=\"lazy\" decoding=\"async\" class=\"alignnone size-medium wp-image-1165\" src=\"http:\/\/tulitu.eu\/wp\/wp-content\/uploads\/2018\/06\/logo_FWB-300x87.jpg\" alt=\"\" width=\"300\" height=\"87\" srcset=\"https:\/\/tulitu.eu\/wp\/wp-content\/uploads\/2018\/06\/logo_FWB-300x87.jpg 300w, https:\/\/tulitu.eu\/wp\/wp-content\/uploads\/2018\/06\/logo_FWB-768x224.jpg 768w, https:\/\/tulitu.eu\/wp\/wp-content\/uploads\/2018\/06\/logo_FWB-1024x299.jpg 1024w, https:\/\/tulitu.eu\/wp\/wp-content\/uploads\/2018\/06\/logo_FWB.jpg 1382w\" sizes=\"auto, (max-width: 300px) 100vw, 300px\" \/><\/a><\/p>\n","protected":false},"excerpt":{"rendered":"<p>Za\u00efneb Hamdi Za\u00efneb Hamdi est n\u00e9e en 1990 \u00e0 Li\u00e8ge et vit actuellement \u00e0 Bruxelles. Fils d\u2019Arabe, publi\u00e9 en 2017 au T\u00e9tras Lyre, est son premier recueil. Comment vivre avec des bouts de monde qui nous fa\u00e7onnent une identit\u00e9 multiple\u00a0? Qui nous tissent des liens ambigus avec le divin\u00a0? Qui nous placent en porte-\u00e0-faux face &hellip; <a href=\"https:\/\/tulitu.eu\/wp\/?p=1094\" class=\"more-link\">Continue reading <span class=\"screen-reader-text\">Mardi 20 mars \u00e0 19h Rencontre avec Za\u00efneb Hamdi et Alexis Alvarez publi\u00e9s chez T\u00e9tras Lyre<\/span> <span class=\"meta-nav\">&rarr;<\/span><\/a><\/p>\n","protected":false},"author":1,"featured_media":0,"comment_status":"closed","ping_status":"closed","sticky":false,"template":"","format":"standard","meta":{"footnotes":""},"categories":[2],"tags":[],"class_list":["post-1094","post","type-post","status-publish","format-standard","hentry","category-agenda"],"_links":{"self":[{"href":"https:\/\/tulitu.eu\/wp\/index.php?rest_route=\/wp\/v2\/posts\/1094","targetHints":{"allow":["GET"]}}],"collection":[{"href":"https:\/\/tulitu.eu\/wp\/index.php?rest_route=\/wp\/v2\/posts"}],"about":[{"href":"https:\/\/tulitu.eu\/wp\/index.php?rest_route=\/wp\/v2\/types\/post"}],"author":[{"embeddable":true,"href":"https:\/\/tulitu.eu\/wp\/index.php?rest_route=\/wp\/v2\/users\/1"}],"replies":[{"embeddable":true,"href":"https:\/\/tulitu.eu\/wp\/index.php?rest_route=%2Fwp%2Fv2%2Fcomments&post=1094"}],"version-history":[{"count":4,"href":"https:\/\/tulitu.eu\/wp\/index.php?rest_route=\/wp\/v2\/posts\/1094\/revisions"}],"predecessor-version":[{"id":1176,"href":"https:\/\/tulitu.eu\/wp\/index.php?rest_route=\/wp\/v2\/posts\/1094\/revisions\/1176"}],"wp:attachment":[{"href":"https:\/\/tulitu.eu\/wp\/index.php?rest_route=%2Fwp%2Fv2%2Fmedia&parent=1094"}],"wp:term":[{"taxonomy":"category","embeddable":true,"href":"https:\/\/tulitu.eu\/wp\/index.php?rest_route=%2Fwp%2Fv2%2Fcategories&post=1094"},{"taxonomy":"post_tag","embeddable":true,"href":"https:\/\/tulitu.eu\/wp\/index.php?rest_route=%2Fwp%2Fv2%2Ftags&post=1094"}],"curies":[{"name":"wp","href":"https:\/\/api.w.org\/{rel}","templated":true}]}}