{"id":1044,"date":"2018-02-01T14:01:28","date_gmt":"2018-02-01T14:01:28","guid":{"rendered":"http:\/\/tulitu.eu\/wp\/?p=1044"},"modified":"2018-02-01T14:24:56","modified_gmt":"2018-02-01T14:24:56","slug":"vendredi-22-fevrier-a-19h-rencontre-avec-jonathan-durand-folco","status":"publish","type":"post","link":"https:\/\/tulitu.eu\/wp\/?p=1044","title":{"rendered":"Jeudi 22 f\u00e9vrier \u00e0 19h Rencontre avec Jonathan Durand Folco"},"content":{"rendered":"<p><a href=\"http:\/\/tulitu.eu\/wp\/wp-content\/uploads\/2018\/02\/folco.jpg\"><img loading=\"lazy\" decoding=\"async\" class=\"alignnone size-medium wp-image-1045\" src=\"http:\/\/tulitu.eu\/wp\/wp-content\/uploads\/2018\/02\/folco-194x300.jpg\" alt=\"folco\" width=\"194\" height=\"300\" srcset=\"https:\/\/tulitu.eu\/wp\/wp-content\/uploads\/2018\/02\/folco-194x300.jpg 194w, https:\/\/tulitu.eu\/wp\/wp-content\/uploads\/2018\/02\/folco.jpg 388w\" sizes=\"auto, (max-width: 194px) 100vw, 194px\" \/><\/a><a href=\"http:\/\/tulitu.eu\/wp\/wp-content\/uploads\/2018\/02\/folco2.jpg\"><img loading=\"lazy\" decoding=\"async\" class=\"alignnone size-medium wp-image-1046\" src=\"http:\/\/tulitu.eu\/wp\/wp-content\/uploads\/2018\/02\/folco2-300x300.jpg\" alt=\"folco2\" width=\"300\" height=\"300\" srcset=\"https:\/\/tulitu.eu\/wp\/wp-content\/uploads\/2018\/02\/folco2-300x300.jpg 300w, https:\/\/tulitu.eu\/wp\/wp-content\/uploads\/2018\/02\/folco2-150x150.jpg 150w, https:\/\/tulitu.eu\/wp\/wp-content\/uploads\/2018\/02\/folco2.jpg 600w\" sizes=\"auto, (max-width: 300px) 100vw, 300px\" \/><\/a><\/p>\n<p>&nbsp;<\/p>\n<p>Jonathan Durand Folco\u00a0 est docteur en philosophie de l\u2019Universit\u00e9 Laval et professeur \u00e0 l\u2019\u00c9cole d\u2019innovation sociale de l\u2019Universit\u00e9 Saint-Paul d\u2019Ottawa. Il \u00e9crit dans diverses publications et anime le blogue <i>Ekopolitica<\/i>.<\/p>\n<p><i>\u00c0 nous la ville\u00a0! Trait\u00e9 de municipalisme<\/i>\u00a0 publi\u00e9 chez Ecosoci\u00e9t\u00e9 est son premier essai.<\/p>\n<p>Le mot de l&#8217;\u00e9diteur : &#8220;Les villes peuvent-elles changer le monde\u00a0? Consid\u00e9r\u00e9es comme les espaces o\u00f9 se joueront en grande partie les luttes politiques du XXIe si\u00e8cle, les villes tardent pourtant \u00e0 susciter l\u2019attention qu\u2019elles m\u00e9ritent dans les cercles progressistes. Pour Jonathan Durand Folco, la gauche doit urgemment investir cet espace politique qui est au centre des enjeux sociaux, \u00e9conomiques et \u00e9cologiques du XXIe si\u00e8cle et qui poss\u00e8de un potentiel de transformation in\u00e9dit.<\/p>\n<p>Prenant appui sur de solides bases th\u00e9oriques, nourri des exp\u00e9riences d\u2019ici et d\u2019ailleurs, l\u2019auteur expose les contours d\u2019une nouvelle strat\u00e9gie politique\u00a0: le municipalisme. Il montre que la ville est au c\u0153ur des contradictions du capitalisme avanc\u00e9, qu\u2019une tension de plus en plus forte s\u2019exprime entre le d\u00e9veloppement de la \u00ab ville n\u00e9olib\u00e9rale \u00bb et les revendications du \u00ab droit \u00e0 la ville \u00bb, et que la question \u00e9cologique, la sp\u00e9culation immobili\u00e8re et la d\u00e9fense des communs sont au centre des mobilisations citoyennes.<\/p>\n<p>Cherchant \u00e0 d\u00e9passer le clivage ville\/r\u00e9gion et \u00e0 surmonter les \u00e9cueils pos\u00e9s par les strat\u00e9gies de transformation sociale \u00ab\u00a0par le haut\u00a0\u00bb ou \u00ab\u00a0par le bas\u00a0\u00bb, Jonathan Durand Folco donne des pistes pour s\u2019organiser et passer \u00e0 l\u2019action. Comment penser le front municipal\u00a0? Comment articuler les \u00e9chelles locale, nationale et internationale dans la perspective d\u2019une R\u00e9publique sociale vue comme Commune des communes ? \u00c0 quels probl\u00e8mes organisationnels faisons-nous face\u00a0? Cela passerait-il par la cr\u00e9ation d\u2019un R\u00e9seau d\u2019action municipale\u00a0? Et selon quelles valeurs et quels principes organisationnels\u00a0? Autant de questions auxquelles tente de r\u00e9pondre l\u2019auteur pour r\u00e9habiliter la municipalit\u00e9 comme espace politique et vecteur de transformation sociale.&#8221;<\/p>\n<p>Des questions d&#8217;actualit\u00e9 aussi chez nous!<\/p>\n<p>La rencontre sera anim\u00e9e par Fran\u00e7ois Perl (Revue Politique).<\/p>\n<p>&nbsp;<\/p>\n<p>Avec le soutien de la D\u00e9l\u00e9gation g\u00e9n\u00e9rale du Qu\u00e9bec \u00e0 Bruxelles<\/p>\n<p><a href=\"http:\/\/ecosociete.org\/livres\/a-nous-la-ville\">http:\/\/ecosociete.org\/livres\/a-nous-la-ville<\/a><\/p>\n","protected":false},"excerpt":{"rendered":"<p>&nbsp; Jonathan Durand Folco\u00a0 est docteur en philosophie de l\u2019Universit\u00e9 Laval et professeur \u00e0 l\u2019\u00c9cole d\u2019innovation sociale de l\u2019Universit\u00e9 Saint-Paul d\u2019Ottawa. Il \u00e9crit dans diverses publications et anime le blogue Ekopolitica. \u00c0 nous la ville\u00a0! Trait\u00e9 de municipalisme\u00a0 publi\u00e9 chez Ecosoci\u00e9t\u00e9 est son premier essai. Le mot de l&#8217;\u00e9diteur : &#8220;Les villes peuvent-elles changer le &hellip; <a href=\"https:\/\/tulitu.eu\/wp\/?p=1044\" class=\"more-link\">Continue reading <span class=\"screen-reader-text\">Jeudi 22 f\u00e9vrier \u00e0 19h Rencontre avec Jonathan Durand Folco<\/span> <span class=\"meta-nav\">&rarr;<\/span><\/a><\/p>\n","protected":false},"author":1,"featured_media":0,"comment_status":"closed","ping_status":"closed","sticky":false,"template":"","format":"standard","meta":{"footnotes":""},"categories":[2],"tags":[],"class_list":["post-1044","post","type-post","status-publish","format-standard","hentry","category-agenda"],"_links":{"self":[{"href":"https:\/\/tulitu.eu\/wp\/index.php?rest_route=\/wp\/v2\/posts\/1044","targetHints":{"allow":["GET"]}}],"collection":[{"href":"https:\/\/tulitu.eu\/wp\/index.php?rest_route=\/wp\/v2\/posts"}],"about":[{"href":"https:\/\/tulitu.eu\/wp\/index.php?rest_route=\/wp\/v2\/types\/post"}],"author":[{"embeddable":true,"href":"https:\/\/tulitu.eu\/wp\/index.php?rest_route=\/wp\/v2\/users\/1"}],"replies":[{"embeddable":true,"href":"https:\/\/tulitu.eu\/wp\/index.php?rest_route=%2Fwp%2Fv2%2Fcomments&post=1044"}],"version-history":[{"count":4,"href":"https:\/\/tulitu.eu\/wp\/index.php?rest_route=\/wp\/v2\/posts\/1044\/revisions"}],"predecessor-version":[{"id":1051,"href":"https:\/\/tulitu.eu\/wp\/index.php?rest_route=\/wp\/v2\/posts\/1044\/revisions\/1051"}],"wp:attachment":[{"href":"https:\/\/tulitu.eu\/wp\/index.php?rest_route=%2Fwp%2Fv2%2Fmedia&parent=1044"}],"wp:term":[{"taxonomy":"category","embeddable":true,"href":"https:\/\/tulitu.eu\/wp\/index.php?rest_route=%2Fwp%2Fv2%2Fcategories&post=1044"},{"taxonomy":"post_tag","embeddable":true,"href":"https:\/\/tulitu.eu\/wp\/index.php?rest_route=%2Fwp%2Fv2%2Ftags&post=1044"}],"curies":[{"name":"wp","href":"https:\/\/api.w.org\/{rel}","templated":true}]}}